{"id":52624,"date":"2019-05-13T19:28:55","date_gmt":"2019-05-13T22:28:55","guid":{"rendered":"https:\/\/eldiariodesanpedro.com.ar\/sitio\/?p=52624"},"modified":"2019-05-13T19:29:08","modified_gmt":"2019-05-13T22:29:08","slug":"mas-de-64-000-personas-disfrutaron-de-acercarte-este-fin-de-semana-en-campana","status":"publish","type":"post","link":"https:\/\/eldiariodesanpedro.com.ar\/sitio\/mas-de-64-000-personas-disfrutaron-de-acercarte-este-fin-de-semana-en-campana\/","title":{"rendered":"M\u00e1s de 64.000 personas disfrutaron de Acercarte este fin de semana en Campana"},"content":{"rendered":"<!-- VideographyWP Plugin Message: Automatic video embedding prevented by plugin options. -->\n\n<p>\n\nTanto el s\u00e1bado como el domingo, el Parque Urbano se llen\u00f3 de propuestas gratuitas para celebrar los tres a\u00f1os del programa bonaerense que incluyeron recitales, obras teatrales, circos, clases de pintura, charlas, cine, stand up. Con su m\u00fasica pop, la banda Miranda! cerr\u00f3 una jornada memorable.<\/p>\n\n\n\n<p>Este fin de semana m\u00e1s de 64.000 personas disfrutaron de dos jornadas inolvidables que ofreci\u00f3 de manera gratuita el programa cultural Acercarte impulsado por el Gobierno Provincial.<\/p>\n\n\n\n<p>Tanto el s\u00e1bado como el domingo, el Parque Urbano se llen\u00f3 de propuestas gratuitas que incluyeron recitales, obras teatrales, circos, juegos de realidad virtual, clases de pintura, charlas, shows infantiles, cine y stand up, entre otras.<\/p>\n\n\n\n<p>Para celebrar los tres a\u00f1os del inicio del programa cultural bonaerense, el intendente Sebasti\u00e1n Abella junto al secretario General de Gobernaci\u00f3n, Fabi\u00e1n Perechodnik, y el ministro de Gesti\u00f3n Cultural provincial, Alejandro G\u00f3mez, recorrieron las distintas propuestas gratuitas de esta iniciativa que busca acercar m\u00e1s actividades art\u00edsticas y espect\u00e1culos de calidad a todos los bonaerenses.<\/p>\n\n\n\n<p>El broche de oro del festival estuvo a cargo de la banda de pop nacional Miranda! que brind\u00f3 un gran show y llen\u00f3 de m\u00fasica el Parque Urbano deslumbrando al p\u00fablico presente al ritmo de sus m\u00e1ximos hits, tales como, \u201cYa lo sab\u00eda\u201d, \u201cPerfecta\u201d, \u201cTraici\u00f3n\u201d y \u201cDon\u201d, entre otros.<\/p>\n\n\n\n<p>Cada canci\u00f3n, estuvo acompa\u00f1ada por el ritmo de la baterista campanense, Ludovica Morell, quien volvi\u00f3 a su tierra natal para desplegar todo su talento sobre el escenario. Junto a los l\u00edderes del grupo Ale Sergi y Juliana Gattas, la joven vivi\u00f3 un recital m\u00e1s que especial y fue ovacionada por miles de vecinos.<\/p>\n\n\n\n<p>Tras los \u00faltimos acordes de Miranda!, los vecinos se trasladaron al teatro municipal Pedro Barbero, donde el reconocido actor Fabi\u00e1n Vena protagoniz\u00f3 la obra \u201cConferencia sobre la lluvia\u201d.<\/p>\n\n\n\n<p>Durante la jornada, el turno del humor lleg\u00f3 de la mano Re\u00edd Mortales Comedy Band, un grupo de comediantes y cantantes interpretaron mon\u00f3logos, cuadros musicales, sketches y un repertorio delirante de divertidas canciones.<\/p>\n\n\n\n<p>Adem\u00e1s, el escritor Guillermo Saccomanno revel\u00f3 los secretos de su oficio a trav\u00e9s de una interesante entrevista. Al finalizar, la jefa de Gabinete, Mariela Schvartz, le hizo entrega de un ejemplar de la segunda edici\u00f3n del libro \u201cMujeres de Campana, Ampliando M\u00e1rgenes\u201d, que honra la vida de 12&nbsp;mujeres&nbsp;emblem\u00e1ticas de la ciudad.<\/p>\n\n\n\n<p>Pero eso no fue todo, claro. Un rapero cant\u00f3 con palabras propuestas por el p\u00fablico haciendo bailar a ocho bailarinas; los LibroYasos explicaron de manera divertida la historia del libro; La Pipetu\u00e1 hizo re\u00edr a carcajadas a todos con su espect\u00e1culo de teatro, clown y circo moderno; y Hern\u00e1n Casanova junto a su ballet acompa\u00f1aron a la compa\u00f1\u00eda \u201cDecilo Rapeando\u201d en una intervenci\u00f3n de danza.<\/p>\n\n\n\n<p>Entre mate y mate, el jefe comunal convers\u00f3 con los vecinos que se sumaron al festival, quienes agradecieron estos espacios que permiten juntar a las familias en un espacio p\u00fablico y disfrutar al aire libre de una amplia oferta cultural con artistas de primer nivel.<\/p>\n\n\n\n<p>\u201cEs una gran satisfacci\u00f3n que miles de vecinos hayan disfrutado de numerosas actividades culturales y art\u00edsticas de excelencia ya que estamos convencidos que su acceso favorece el desarrollo de las personas\u201d, enfatiz\u00f3 Perechodnik, al tiempo que destac\u00f3 el trabajo mancomunado entre Provincia y Municipio.<\/p>\n\n\n\n<p>Por su parte, Abella le agradeci\u00f3 a Vidal por tener en cuenta nuevamente a Campana para realizar este festival \u201ctan enriquecedor\u201d. \u201cVer a las familias reunidas en un mismo lugar participando de distintas propuestas, indican que estamos en el camino correcto\u201d.<\/p>\n\n\n\n<p>FUENTE: CAMPANA NOTICIAS<\/p>\n\n\n\n<p><\/p>\n","protected":false},"excerpt":{"rendered":"<p>Tanto el s\u00e1bado como el domingo, el Parque Urbano se llen\u00f3 de propuestas gratuitas para celebrar los tres a\u00f1os del programa bonaerense que incluyeron recitales, obras teatrales, circos, clases de pintura, charlas, cine, stand up. Con su m\u00fasica pop, la banda Miranda! cerr\u00f3 una jornada memorable. Este fin de semana m\u00e1s de 64.000 personas disfrutaron [&hellip;]<\/p>\n","protected":false},"author":4,"featured_media":52625,"comment_status":"open","ping_status":"closed","sticky":false,"template":"","format":"standard","meta":{"om_disable_all_campaigns":false,"_jetpack_memberships_contains_paid_content":false,"footnotes":""},"categories":[621],"tags":[],"class_list":["post-52624","post","type-post","status-publish","format-standard","has-post-thumbnail","hentry","category-regionales"],"aioseo_notices":[],"gutentor_comment":0,"jetpack_featured_media_url":"https:\/\/eldiariodesanpedro.com.ar\/sitio\/wp-content\/uploads\/2019\/05\/64.000_personas_celebraron_los_tres_anos_del_acercarte.jpg","jetpack_shortlink":"https:\/\/wp.me\/p6RhLt-dGM","jetpack_sharing_enabled":true,"_links":{"self":[{"href":"https:\/\/eldiariodesanpedro.com.ar\/sitio\/wp-json\/wp\/v2\/posts\/52624","targetHints":{"allow":["GET"]}}],"collection":[{"href":"https:\/\/eldiariodesanpedro.com.ar\/sitio\/wp-json\/wp\/v2\/posts"}],"about":[{"href":"https:\/\/eldiariodesanpedro.com.ar\/sitio\/wp-json\/wp\/v2\/types\/post"}],"author":[{"embeddable":true,"href":"https:\/\/eldiariodesanpedro.com.ar\/sitio\/wp-json\/wp\/v2\/users\/4"}],"replies":[{"embeddable":true,"href":"https:\/\/eldiariodesanpedro.com.ar\/sitio\/wp-json\/wp\/v2\/comments?post=52624"}],"version-history":[{"count":1,"href":"https:\/\/eldiariodesanpedro.com.ar\/sitio\/wp-json\/wp\/v2\/posts\/52624\/revisions"}],"predecessor-version":[{"id":52626,"href":"https:\/\/eldiariodesanpedro.com.ar\/sitio\/wp-json\/wp\/v2\/posts\/52624\/revisions\/52626"}],"wp:featuredmedia":[{"embeddable":true,"href":"https:\/\/eldiariodesanpedro.com.ar\/sitio\/wp-json\/wp\/v2\/media\/52625"}],"wp:attachment":[{"href":"https:\/\/eldiariodesanpedro.com.ar\/sitio\/wp-json\/wp\/v2\/media?parent=52624"}],"wp:term":[{"taxonomy":"category","embeddable":true,"href":"https:\/\/eldiariodesanpedro.com.ar\/sitio\/wp-json\/wp\/v2\/categories?post=52624"},{"taxonomy":"post_tag","embeddable":true,"href":"https:\/\/eldiariodesanpedro.com.ar\/sitio\/wp-json\/wp\/v2\/tags?post=52624"}],"curies":[{"name":"wp","href":"https:\/\/api.w.org\/{rel}","templated":true}]}}