{"id":52622,"date":"2019-05-13T22:53:51","date_gmt":"2019-05-14T01:53:51","guid":{"rendered":"https:\/\/eldiariodesanpedro.com.ar\/sitio\/?p=52622"},"modified":"2019-05-14T08:49:39","modified_gmt":"2019-05-14T11:49:39","slug":"robo-en-un-local-centrico-fue-aprehendido-al-otro-dia","status":"publish","type":"post","link":"https:\/\/eldiariodesanpedro.com.ar\/sitio\/robo-en-un-local-centrico-fue-aprehendido-al-otro-dia\/","title":{"rendered":"Rob\u00f3 en un local c\u00e9ntrico, fue aprehendido al otro dia"},"content":{"rendered":"<!-- VideographyWP Plugin Message: Automatic video embedding prevented by plugin options. -->\n\n<p>En la tarde noche de este lunes, un delincuente fue aprehendido luego de ser reconocido y perseguido por personal policial tras cometer un il\u00edcito en la zona c\u00e9ntrica el d\u00eda anterior.<\/p>\n\n\n\n<p>Las c\u00e1maras de seguridad de un comercio centrico,  lograron visualizar con certeza a un joven delincuente quien un d\u00eda atr\u00e1s habr\u00eda sustra\u00eddo una bicicleta que se encontraba estacionada afuera del mismo.<\/p>\n\n\n\n<p>Este lunes por la tarde noche, personal de Jefatura Departamental GAD intervino en la aprehensi\u00f3n del malviviente mencionado cuando se encontraba en operativo prevenci\u00f3n ilicitos.<\/p>\n\n\n\n<p>Hab\u00eda sido identificado anteriormente por personal de comisaria, quien al momento de reconocerlo, opone resistencia e intenta escapar.<\/p>\n\n\n\n<p>Personal del GAD logra reducirlo y trasladarlo a la dependencia local.<\/p>\n\n\n\n<p>El delincuente tiene 28 a\u00f1os de edad, y se encuentra a la espera de la intervenci\u00f3n de la Fiscal\u00eda N\u00b05 del Dr Manso.<\/p>\n\n\n\n<figure class=\"wp-block-image\"><img decoding=\"async\" width=\"1280\" height=\"571\" data-attachment-id=\"52635\" data-permalink=\"https:\/\/eldiariodesanpedro.com.ar\/sitio\/robo-en-un-local-centrico-fue-aprehendido-al-otro-dia\/whatsapp-image-2019-05-13-at-9-29-14-pm\/\" data-orig-file=\"https:\/\/eldiariodesanpedro.com.ar\/sitio\/wp-content\/uploads\/2019\/05\/WhatsApp-Image-2019-05-13-at-9.29.14-PM.jpeg\" data-orig-size=\"1280,571\" data-comments-opened=\"1\" data-image-meta=\"{&quot;aperture&quot;:&quot;0&quot;,&quot;credit&quot;:&quot;&quot;,&quot;camera&quot;:&quot;&quot;,&quot;caption&quot;:&quot;&quot;,&quot;created_timestamp&quot;:&quot;0&quot;,&quot;copyright&quot;:&quot;&quot;,&quot;focal_length&quot;:&quot;0&quot;,&quot;iso&quot;:&quot;0&quot;,&quot;shutter_speed&quot;:&quot;0&quot;,&quot;title&quot;:&quot;&quot;,&quot;orientation&quot;:&quot;0&quot;}\" data-image-title=\"WhatsApp Image 2019-05-13 at 9.29.14 PM\" data-image-description=\"\" data-image-caption=\"\" data-large-file=\"https:\/\/eldiariodesanpedro.com.ar\/sitio\/wp-content\/uploads\/2019\/05\/WhatsApp-Image-2019-05-13-at-9.29.14-PM-1024x457.jpeg\" data-src=\"https:\/\/i1.wp.com\/eldiariodesanpedro.com.ar\/sitio\/wp-content\/uploads\/2019\/05\/WhatsApp-Image-2019-05-13-at-9.29.14-PM.jpeg?fit=660%2C295\" alt=\"\" class=\"wp-image-52635 lazyload\" data-srcset=\"https:\/\/eldiariodesanpedro.com.ar\/sitio\/wp-content\/uploads\/2019\/05\/WhatsApp-Image-2019-05-13-at-9.29.14-PM.jpeg 1280w, https:\/\/eldiariodesanpedro.com.ar\/sitio\/wp-content\/uploads\/2019\/05\/WhatsApp-Image-2019-05-13-at-9.29.14-PM-300x134.jpeg 300w, https:\/\/eldiariodesanpedro.com.ar\/sitio\/wp-content\/uploads\/2019\/05\/WhatsApp-Image-2019-05-13-at-9.29.14-PM-768x343.jpeg 768w, https:\/\/eldiariodesanpedro.com.ar\/sitio\/wp-content\/uploads\/2019\/05\/WhatsApp-Image-2019-05-13-at-9.29.14-PM-1024x457.jpeg 1024w\" data-sizes=\"(max-width: 1280px) 100vw, 1280px\" src=\"data:image\/svg+xml;base64,PHN2ZyB3aWR0aD0iMSIgaGVpZ2h0PSIxIiB4bWxucz0iaHR0cDovL3d3dy53My5vcmcvMjAwMC9zdmciPjwvc3ZnPg==\" style=\"--smush-placeholder-width: 1280px; --smush-placeholder-aspect-ratio: 1280\/571;\" \/><\/figure>\n","protected":false},"excerpt":{"rendered":"<p>En la tarde noche de este lunes, un delincuente fue aprehendido luego de ser reconocido y perseguido por personal policial tras cometer un il\u00edcito en la zona c\u00e9ntrica el d\u00eda anterior. Las c\u00e1maras de seguridad de un comercio centrico, lograron visualizar con certeza a un joven delincuente quien un d\u00eda atr\u00e1s habr\u00eda sustra\u00eddo una bicicleta [&hellip;]<\/p>\n","protected":false},"author":4,"featured_media":52623,"comment_status":"open","ping_status":"closed","sticky":false,"template":"","format":"standard","meta":{"om_disable_all_campaigns":false,"_jetpack_memberships_contains_paid_content":false,"footnotes":""},"categories":[50,2,103],"tags":[],"class_list":["post-52622","post","type-post","status-publish","format-standard","has-post-thumbnail","hentry","category-destacadas","category-locales","category-policiales-locales"],"aioseo_notices":[],"gutentor_comment":0,"jetpack_featured_media_url":"https:\/\/eldiariodesanpedro.com.ar\/sitio\/wp-content\/uploads\/2019\/05\/20190513_184624.jpg","jetpack_shortlink":"https:\/\/wp.me\/p6RhLt-dGK","jetpack_sharing_enabled":true,"_links":{"self":[{"href":"https:\/\/eldiariodesanpedro.com.ar\/sitio\/wp-json\/wp\/v2\/posts\/52622","targetHints":{"allow":["GET"]}}],"collection":[{"href":"https:\/\/eldiariodesanpedro.com.ar\/sitio\/wp-json\/wp\/v2\/posts"}],"about":[{"href":"https:\/\/eldiariodesanpedro.com.ar\/sitio\/wp-json\/wp\/v2\/types\/post"}],"author":[{"embeddable":true,"href":"https:\/\/eldiariodesanpedro.com.ar\/sitio\/wp-json\/wp\/v2\/users\/4"}],"replies":[{"embeddable":true,"href":"https:\/\/eldiariodesanpedro.com.ar\/sitio\/wp-json\/wp\/v2\/comments?post=52622"}],"version-history":[{"count":4,"href":"https:\/\/eldiariodesanpedro.com.ar\/sitio\/wp-json\/wp\/v2\/posts\/52622\/revisions"}],"predecessor-version":[{"id":52636,"href":"https:\/\/eldiariodesanpedro.com.ar\/sitio\/wp-json\/wp\/v2\/posts\/52622\/revisions\/52636"}],"wp:featuredmedia":[{"embeddable":true,"href":"https:\/\/eldiariodesanpedro.com.ar\/sitio\/wp-json\/wp\/v2\/media\/52623"}],"wp:attachment":[{"href":"https:\/\/eldiariodesanpedro.com.ar\/sitio\/wp-json\/wp\/v2\/media?parent=52622"}],"wp:term":[{"taxonomy":"category","embeddable":true,"href":"https:\/\/eldiariodesanpedro.com.ar\/sitio\/wp-json\/wp\/v2\/categories?post=52622"},{"taxonomy":"post_tag","embeddable":true,"href":"https:\/\/eldiariodesanpedro.com.ar\/sitio\/wp-json\/wp\/v2\/tags?post=52622"}],"curies":[{"name":"wp","href":"https:\/\/api.w.org\/{rel}","templated":true}]}}