{"id":52619,"date":"2019-05-13T17:30:40","date_gmt":"2019-05-13T20:30:40","guid":{"rendered":"https:\/\/eldiariodesanpedro.com.ar\/sitio\/?p=52619"},"modified":"2019-05-13T17:30:52","modified_gmt":"2019-05-13T20:30:52","slug":"aprehendido-por-pedido-de-detencion-activo","status":"publish","type":"post","link":"https:\/\/eldiariodesanpedro.com.ar\/sitio\/aprehendido-por-pedido-de-detencion-activo\/","title":{"rendered":"Aprehendido por pedido de detenci\u00f3n activo"},"content":{"rendered":"<!-- VideographyWP Plugin Message: Automatic video embedding prevented by plugin options. -->\n\n<p>Sucedi\u00f3 este lunes alrededor de las 13 y 30 horas, cuando personal de Jefatura Departamental San Nicolas GAD en conjunto con personal de comisar\u00eda San Pedro,  procedieron a la aprehensi\u00f3n de un sujeto de 20 a\u00f1os de edad.<\/p>\n\n\n\n<p>Para el malviviente pesaba un pedido de detenci\u00f3n quienes los efectivos procedieron a efectivizar, visualizando el luego detenido en la v\u00eda p\u00fablica, donde emprende en fuga y fue reducido minutos m\u00e1s tarde sobre calle Javier Rivero 1680. <\/p>\n\n\n\n<p>El pedido fue dispuesto por el Juez de Garant\u00edas Dr Prati, con caratula de \u00abHomicidio en Grado de Tentativa\u00bb.<\/p>\n\n\n\n<p>El hecho de tentativa habr\u00eda ocurrido el pasado 23 de enero,  en una de las masivas usurpaciones originadas, en este caso ser\u00eda en la ex cancha de independiente, donde se origina una pelea por disputa de una parcela, y este joven le pega a otro con un elemento contundente donde le produce una fractura de cr\u00e1neo.<\/p>\n\n\n\n<p>En ese momento es aprehendido, luego liberado por la justicia quien llevaba el caso la Dr Ramos de la Fiscalia N\u00ba11, nuevamente fue pedida su detenci\u00f3n.<\/p>\n\n\n\n<figure class=\"wp-block-image\"><img decoding=\"async\" width=\"1024\" height=\"768\" data-attachment-id=\"52615\" data-permalink=\"https:\/\/eldiariodesanpedro.com.ar\/sitio\/img-20190513-wa0032\/\" data-orig-file=\"https:\/\/eldiariodesanpedro.com.ar\/sitio\/wp-content\/uploads\/2019\/05\/IMG-20190513-WA0032.jpg\" data-orig-size=\"1280,960\" data-comments-opened=\"1\" data-image-meta=\"{&quot;aperture&quot;:&quot;0&quot;,&quot;credit&quot;:&quot;&quot;,&quot;camera&quot;:&quot;&quot;,&quot;caption&quot;:&quot;&quot;,&quot;created_timestamp&quot;:&quot;0&quot;,&quot;copyright&quot;:&quot;&quot;,&quot;focal_length&quot;:&quot;0&quot;,&quot;iso&quot;:&quot;0&quot;,&quot;shutter_speed&quot;:&quot;0&quot;,&quot;title&quot;:&quot;&quot;,&quot;orientation&quot;:&quot;0&quot;}\" data-image-title=\"IMG-20190513-WA0032\" data-image-description=\"\" data-image-caption=\"\" data-large-file=\"https:\/\/eldiariodesanpedro.com.ar\/sitio\/wp-content\/uploads\/2019\/05\/IMG-20190513-WA0032-1024x768.jpg\" data-src=\"https:\/\/eldiariodesanpedro.com.ar\/sitio\/wp-content\/uploads\/2019\/05\/IMG-20190513-WA0032-1024x768.jpg\" alt=\"\" class=\"wp-image-52615 lazyload\" data-srcset=\"https:\/\/eldiariodesanpedro.com.ar\/sitio\/wp-content\/uploads\/2019\/05\/IMG-20190513-WA0032-1024x768.jpg 1024w, https:\/\/eldiariodesanpedro.com.ar\/sitio\/wp-content\/uploads\/2019\/05\/IMG-20190513-WA0032-300x225.jpg 300w, https:\/\/eldiariodesanpedro.com.ar\/sitio\/wp-content\/uploads\/2019\/05\/IMG-20190513-WA0032-768x576.jpg 768w, https:\/\/eldiariodesanpedro.com.ar\/sitio\/wp-content\/uploads\/2019\/05\/IMG-20190513-WA0032.jpg 1280w\" data-sizes=\"(max-width: 1024px) 100vw, 1024px\" src=\"data:image\/svg+xml;base64,PHN2ZyB3aWR0aD0iMSIgaGVpZ2h0PSIxIiB4bWxucz0iaHR0cDovL3d3dy53My5vcmcvMjAwMC9zdmciPjwvc3ZnPg==\" style=\"--smush-placeholder-width: 1024px; --smush-placeholder-aspect-ratio: 1024\/768;\" \/><\/figure>\n\n\n\n<p><\/p>\n","protected":false},"excerpt":{"rendered":"<p>Sucedi\u00f3 este lunes alrededor de las 13 y 30 horas, cuando personal de Jefatura Departamental San Nicolas GAD en conjunto con personal de comisar\u00eda San Pedro, procedieron a la aprehensi\u00f3n de un sujeto de 20 a\u00f1os de edad. Para el malviviente pesaba un pedido de detenci\u00f3n quienes los efectivos procedieron a efectivizar, visualizando el luego [&hellip;]<\/p>\n","protected":false},"author":4,"featured_media":52615,"comment_status":"open","ping_status":"closed","sticky":false,"template":"","format":"standard","meta":{"om_disable_all_campaigns":false,"_jetpack_memberships_contains_paid_content":false,"footnotes":""},"categories":[50,2,103],"tags":[],"class_list":["post-52619","post","type-post","status-publish","format-standard","has-post-thumbnail","hentry","category-destacadas","category-locales","category-policiales-locales"],"aioseo_notices":[],"gutentor_comment":0,"jetpack_featured_media_url":"https:\/\/eldiariodesanpedro.com.ar\/sitio\/wp-content\/uploads\/2019\/05\/IMG-20190513-WA0032.jpg","jetpack_shortlink":"https:\/\/wp.me\/p6RhLt-dGH","jetpack_sharing_enabled":true,"_links":{"self":[{"href":"https:\/\/eldiariodesanpedro.com.ar\/sitio\/wp-json\/wp\/v2\/posts\/52619","targetHints":{"allow":["GET"]}}],"collection":[{"href":"https:\/\/eldiariodesanpedro.com.ar\/sitio\/wp-json\/wp\/v2\/posts"}],"about":[{"href":"https:\/\/eldiariodesanpedro.com.ar\/sitio\/wp-json\/wp\/v2\/types\/post"}],"author":[{"embeddable":true,"href":"https:\/\/eldiariodesanpedro.com.ar\/sitio\/wp-json\/wp\/v2\/users\/4"}],"replies":[{"embeddable":true,"href":"https:\/\/eldiariodesanpedro.com.ar\/sitio\/wp-json\/wp\/v2\/comments?post=52619"}],"version-history":[{"count":1,"href":"https:\/\/eldiariodesanpedro.com.ar\/sitio\/wp-json\/wp\/v2\/posts\/52619\/revisions"}],"predecessor-version":[{"id":52620,"href":"https:\/\/eldiariodesanpedro.com.ar\/sitio\/wp-json\/wp\/v2\/posts\/52619\/revisions\/52620"}],"wp:featuredmedia":[{"embeddable":true,"href":"https:\/\/eldiariodesanpedro.com.ar\/sitio\/wp-json\/wp\/v2\/media\/52615"}],"wp:attachment":[{"href":"https:\/\/eldiariodesanpedro.com.ar\/sitio\/wp-json\/wp\/v2\/media?parent=52619"}],"wp:term":[{"taxonomy":"category","embeddable":true,"href":"https:\/\/eldiariodesanpedro.com.ar\/sitio\/wp-json\/wp\/v2\/categories?post=52619"},{"taxonomy":"post_tag","embeddable":true,"href":"https:\/\/eldiariodesanpedro.com.ar\/sitio\/wp-json\/wp\/v2\/tags?post=52619"}],"curies":[{"name":"wp","href":"https:\/\/api.w.org\/{rel}","templated":true}]}}