{"id":52607,"date":"2019-05-13T12:23:28","date_gmt":"2019-05-13T15:23:28","guid":{"rendered":"https:\/\/eldiariodesanpedro.com.ar\/sitio\/?p=52607"},"modified":"2019-05-13T12:23:39","modified_gmt":"2019-05-13T15:23:39","slug":"arrecifes-provoco-un-vuelco-y-escapo","status":"publish","type":"post","link":"https:\/\/eldiariodesanpedro.com.ar\/sitio\/arrecifes-provoco-un-vuelco-y-escapo\/","title":{"rendered":"ARRECIFES: Provoc\u00f3 un vuelco y escap\u00f3"},"content":{"rendered":"<!-- VideographyWP Plugin Message: Automatic video embedding prevented by plugin options. -->\n\n<p> Este domingo, pasadas las 11:30 de la ma\u00f1ana, una familia viajaba en una Renault Kangoo por ruta 51, cuando a la altura del kil\u00f3metro 67, llegando a Arrecifes, sufri\u00f3 un inesperado accidente. <\/p>\n\n\n\n<p>Seg\u00fan relat\u00f3 el conductor del veh\u00edculo, Germ\u00e1n \u00abun Chevrolet Corsa II de color gris que ven\u00eda de frente (sentido Arrecifes-Ramallo) se cruz\u00f3 de mano de repente y se nos vino encima. Manejaba una mujer y yo la vi venir en diagonal hacia m\u00ed. Es ese momento decid\u00ed tirarme a la banquina de mi mano, porque si intentaba esquivarla por el otro lado no sab\u00eda si ella iba a pegar el volantazo para volver a su carril y nos pod\u00edamos chocar de frente. Cuando muerdo la banquina, la camioneta empieza a hacer zig-zag y vuelve a la ruta, hago un trompo y salgo para la banquina del lado contrario, cruzo un zanj\u00f3n en el aire y la Kangoo empieza a deslizar sobre el pasto hasta que se traba y se vuelca\u00bb.<\/p>\n\n\n\n<p>Guevara contiu\u00f3 contando que \u00abven\u00eda junto a mi esposa y mis tres hijos, por suerte todos con cinturones de seguridad colocados. Como la camioneta qued\u00f3 volcada del lado del acompa\u00f1ante yo qued\u00e9 colgado del cintur\u00f3n y no me lo pod\u00eda sacar; los chicos asustados lloraban; imag\u00ednense la situaci\u00f3n\u2026 Gracias a Dios no nos pas\u00f3 nada grave, pero mi indignaci\u00f3n es que esta mujer desapareci\u00f3 y ni siquiera par\u00f3 para ver qu\u00e9 hab\u00eda pasado, dejando a una familia tirada en un auto volcado\u00bb.<\/p>\n\n\n\n<p>\u00abPor suerte frente al lugar en que volcamos hab\u00eda unos muchachos cortando le\u00f1a y nos asistieron. Luego par\u00f3 una camioneta de la Patrulla Rural y un auto que ven\u00eda detr\u00e1s de esta se\u00f1ora, cuyo conductor nos dijo que ya la hab\u00eda visto que iba zigzagueante con el Corsa. Fuimos a hacer la denuncia pero las c\u00e1maras de seguridad no funcionan, as\u00ed que tengo muy pocas esperanzas de encontrar a esta irresponsable mujer\u00bb, cerr\u00f3 Germ\u00e1n Guevara.<\/p>\n\n\n\n<p>No obstante, se solicita a quien pueda aportar alg\u00fan dato sobre el Corsa gris que gener\u00f3 el accidente, o a quien tenga c\u00e1maras de seguridad sobre ruta 51, comunicarse a los tel\u00e9fonos 2478401238 o 2478469428.<\/p>\n\n\n\n<p>Fuente: Arrecifes Noticias<\/p>\n\n\n\n<figure class=\"wp-block-image\"><img decoding=\"async\" width=\"698\" height=\"680\" data-attachment-id=\"52608\" data-permalink=\"https:\/\/eldiariodesanpedro.com.ar\/sitio\/arrecifes-provoco-un-vuelco-y-escapo\/vuelco-guevara\/\" data-orig-file=\"https:\/\/eldiariodesanpedro.com.ar\/sitio\/wp-content\/uploads\/2019\/05\/Vuelco-Guevara.jpg\" data-orig-size=\"698,680\" data-comments-opened=\"1\" data-image-meta=\"{&quot;aperture&quot;:&quot;0&quot;,&quot;credit&quot;:&quot;&quot;,&quot;camera&quot;:&quot;&quot;,&quot;caption&quot;:&quot;&quot;,&quot;created_timestamp&quot;:&quot;0&quot;,&quot;copyright&quot;:&quot;&quot;,&quot;focal_length&quot;:&quot;0&quot;,&quot;iso&quot;:&quot;0&quot;,&quot;shutter_speed&quot;:&quot;0&quot;,&quot;title&quot;:&quot;&quot;,&quot;orientation&quot;:&quot;0&quot;}\" data-image-title=\"Vuelco-Guevara\" data-image-description=\"\" data-image-caption=\"\" data-large-file=\"https:\/\/eldiariodesanpedro.com.ar\/sitio\/wp-content\/uploads\/2019\/05\/Vuelco-Guevara.jpg\" data-src=\"https:\/\/eldiariodesanpedro.com.ar\/sitio\/wp-content\/uploads\/2019\/05\/Vuelco-Guevara.jpg\" alt=\"\" class=\"wp-image-52608 lazyload\" data-srcset=\"https:\/\/eldiariodesanpedro.com.ar\/sitio\/wp-content\/uploads\/2019\/05\/Vuelco-Guevara.jpg 698w, https:\/\/eldiariodesanpedro.com.ar\/sitio\/wp-content\/uploads\/2019\/05\/Vuelco-Guevara-300x292.jpg 300w\" data-sizes=\"(max-width: 698px) 100vw, 698px\" src=\"data:image\/svg+xml;base64,PHN2ZyB3aWR0aD0iMSIgaGVpZ2h0PSIxIiB4bWxucz0iaHR0cDovL3d3dy53My5vcmcvMjAwMC9zdmciPjwvc3ZnPg==\" style=\"--smush-placeholder-width: 698px; --smush-placeholder-aspect-ratio: 698\/680;\" \/><\/figure>\n","protected":false},"excerpt":{"rendered":"<p>Este domingo, pasadas las 11:30 de la ma\u00f1ana, una familia viajaba en una Renault Kangoo por ruta 51, cuando a la altura del kil\u00f3metro 67, llegando a Arrecifes, sufri\u00f3 un inesperado accidente. Seg\u00fan relat\u00f3 el conductor del veh\u00edculo, Germ\u00e1n \u00abun Chevrolet Corsa II de color gris que ven\u00eda de frente (sentido Arrecifes-Ramallo) se cruz\u00f3 de [&hellip;]<\/p>\n","protected":false},"author":4,"featured_media":52609,"comment_status":"open","ping_status":"closed","sticky":false,"template":"","format":"standard","meta":{"om_disable_all_campaigns":false,"_jetpack_memberships_contains_paid_content":false,"footnotes":""},"categories":[621],"tags":[],"class_list":["post-52607","post","type-post","status-publish","format-standard","has-post-thumbnail","hentry","category-regionales"],"aioseo_notices":[],"gutentor_comment":0,"jetpack_featured_media_url":"https:\/\/eldiariodesanpedro.com.ar\/sitio\/wp-content\/uploads\/2019\/05\/Vuelco-Guevara-2.jpg","jetpack_shortlink":"https:\/\/wp.me\/p6RhLt-dGv","jetpack_sharing_enabled":true,"_links":{"self":[{"href":"https:\/\/eldiariodesanpedro.com.ar\/sitio\/wp-json\/wp\/v2\/posts\/52607","targetHints":{"allow":["GET"]}}],"collection":[{"href":"https:\/\/eldiariodesanpedro.com.ar\/sitio\/wp-json\/wp\/v2\/posts"}],"about":[{"href":"https:\/\/eldiariodesanpedro.com.ar\/sitio\/wp-json\/wp\/v2\/types\/post"}],"author":[{"embeddable":true,"href":"https:\/\/eldiariodesanpedro.com.ar\/sitio\/wp-json\/wp\/v2\/users\/4"}],"replies":[{"embeddable":true,"href":"https:\/\/eldiariodesanpedro.com.ar\/sitio\/wp-json\/wp\/v2\/comments?post=52607"}],"version-history":[{"count":1,"href":"https:\/\/eldiariodesanpedro.com.ar\/sitio\/wp-json\/wp\/v2\/posts\/52607\/revisions"}],"predecessor-version":[{"id":52610,"href":"https:\/\/eldiariodesanpedro.com.ar\/sitio\/wp-json\/wp\/v2\/posts\/52607\/revisions\/52610"}],"wp:featuredmedia":[{"embeddable":true,"href":"https:\/\/eldiariodesanpedro.com.ar\/sitio\/wp-json\/wp\/v2\/media\/52609"}],"wp:attachment":[{"href":"https:\/\/eldiariodesanpedro.com.ar\/sitio\/wp-json\/wp\/v2\/media?parent=52607"}],"wp:term":[{"taxonomy":"category","embeddable":true,"href":"https:\/\/eldiariodesanpedro.com.ar\/sitio\/wp-json\/wp\/v2\/categories?post=52607"},{"taxonomy":"post_tag","embeddable":true,"href":"https:\/\/eldiariodesanpedro.com.ar\/sitio\/wp-json\/wp\/v2\/tags?post=52607"}],"curies":[{"name":"wp","href":"https:\/\/api.w.org\/{rel}","templated":true}]}}