{"id":52603,"date":"2019-05-13T12:16:59","date_gmt":"2019-05-13T15:16:59","guid":{"rendered":"https:\/\/eldiariodesanpedro.com.ar\/sitio\/?p=52603"},"modified":"2019-05-13T12:17:08","modified_gmt":"2019-05-13T15:17:08","slug":"san-nicolas-intento-de-robo-e-incendio-en-un-jardin-de-infantes","status":"publish","type":"post","link":"https:\/\/eldiariodesanpedro.com.ar\/sitio\/san-nicolas-intento-de-robo-e-incendio-en-un-jardin-de-infantes\/","title":{"rendered":"SAN NICOL\u00c1S: Intento de robo e incendio en un Jard\u00edn de Infantes"},"content":{"rendered":"<!-- VideographyWP Plugin Message: Automatic video embedding prevented by plugin options. -->\n\n<p>Personal policial de la Comisar\u00eda Tercera aprehendi\u00f3 a un sujeto por ocasionar da\u00f1os en una instituci\u00f3n educativa. Intervino la Fiscal\u00eda N\u00b0 4 y se labraron actuaciones por Tentativa de RObo y Da\u00f1o.<\/p>\n\n\n\n<p>El hecho ocurri\u00f3 este lunes 13 alrededor de las 5:00. Un joven de 20 a\u00f1os, de apellido Pineda, ingres\u00f3 al Jard\u00edn de Infantes N\u00b0 924, ubicado en calle Reynoso al 1680.<\/p>\n\n\n\n<p>El sujeto provoc\u00f3 un incendio y sustrajo varios elementos del lugar.<\/p>\n\n\n\n<p>Afortunadamente, bomberos actu\u00f3 con rapidez y no hubo que lamentar da\u00f1os de magnitud. Efectivos de las fuerzas de seguridad procedi\u00f3 a la aprehensi\u00f3n del individuo y deber\u00e1 prestar declaraci\u00f3n en las pr\u00f3ximas horas. <\/p>\n\n\n\n<p>Fuente: Diario El Informante<\/p>\n\n\n\n<figure class=\"wp-block-image\"><img decoding=\"async\" width=\"700\" height=\"394\" data-attachment-id=\"52605\" data-permalink=\"https:\/\/eldiariodesanpedro.com.ar\/sitio\/san-nicolas-intento-de-robo-e-incendio-en-un-jardin-de-infantes\/no_p1c1qlfdd5j819rjardin_5\/\" data-orig-file=\"https:\/\/eldiariodesanpedro.com.ar\/sitio\/wp-content\/uploads\/2019\/05\/no_p1c1qlfdd5j819rjardin_5.jpg\" data-orig-size=\"700,394\" data-comments-opened=\"1\" data-image-meta=\"{&quot;aperture&quot;:&quot;0&quot;,&quot;credit&quot;:&quot;&quot;,&quot;camera&quot;:&quot;&quot;,&quot;caption&quot;:&quot;&quot;,&quot;created_timestamp&quot;:&quot;0&quot;,&quot;copyright&quot;:&quot;&quot;,&quot;focal_length&quot;:&quot;0&quot;,&quot;iso&quot;:&quot;0&quot;,&quot;shutter_speed&quot;:&quot;0&quot;,&quot;title&quot;:&quot;&quot;,&quot;orientation&quot;:&quot;0&quot;}\" data-image-title=\"no_p1c1qlfdd5j819rjardin_5\" data-image-description=\"\" data-image-caption=\"\" data-large-file=\"https:\/\/eldiariodesanpedro.com.ar\/sitio\/wp-content\/uploads\/2019\/05\/no_p1c1qlfdd5j819rjardin_5.jpg\" data-src=\"https:\/\/eldiariodesanpedro.com.ar\/sitio\/wp-content\/uploads\/2019\/05\/no_p1c1qlfdd5j819rjardin_5.jpg\" alt=\"\" class=\"wp-image-52605 lazyload\" data-srcset=\"https:\/\/eldiariodesanpedro.com.ar\/sitio\/wp-content\/uploads\/2019\/05\/no_p1c1qlfdd5j819rjardin_5.jpg 700w, https:\/\/eldiariodesanpedro.com.ar\/sitio\/wp-content\/uploads\/2019\/05\/no_p1c1qlfdd5j819rjardin_5-300x169.jpg 300w\" data-sizes=\"(max-width: 700px) 100vw, 700px\" src=\"data:image\/svg+xml;base64,PHN2ZyB3aWR0aD0iMSIgaGVpZ2h0PSIxIiB4bWxucz0iaHR0cDovL3d3dy53My5vcmcvMjAwMC9zdmciPjwvc3ZnPg==\" style=\"--smush-placeholder-width: 700px; --smush-placeholder-aspect-ratio: 700\/394;\" \/><\/figure>\n","protected":false},"excerpt":{"rendered":"<p>Personal policial de la Comisar\u00eda Tercera aprehendi\u00f3 a un sujeto por ocasionar da\u00f1os en una instituci\u00f3n educativa. Intervino la Fiscal\u00eda N\u00b0 4 y se labraron actuaciones por Tentativa de RObo y Da\u00f1o. El hecho ocurri\u00f3 este lunes 13 alrededor de las 5:00. Un joven de 20 a\u00f1os, de apellido Pineda, ingres\u00f3 al Jard\u00edn de Infantes [&hellip;]<\/p>\n","protected":false},"author":4,"featured_media":52604,"comment_status":"open","ping_status":"closed","sticky":false,"template":"","format":"standard","meta":{"om_disable_all_campaigns":false,"_jetpack_memberships_contains_paid_content":false,"footnotes":""},"categories":[621],"tags":[],"class_list":["post-52603","post","type-post","status-publish","format-standard","has-post-thumbnail","hentry","category-regionales"],"aioseo_notices":[],"gutentor_comment":0,"jetpack_featured_media_url":"https:\/\/eldiariodesanpedro.com.ar\/sitio\/wp-content\/uploads\/2019\/05\/no_cv5oww9b9mhtvj3jardin_3.jpg","jetpack_shortlink":"https:\/\/wp.me\/p6RhLt-dGr","jetpack_sharing_enabled":true,"_links":{"self":[{"href":"https:\/\/eldiariodesanpedro.com.ar\/sitio\/wp-json\/wp\/v2\/posts\/52603","targetHints":{"allow":["GET"]}}],"collection":[{"href":"https:\/\/eldiariodesanpedro.com.ar\/sitio\/wp-json\/wp\/v2\/posts"}],"about":[{"href":"https:\/\/eldiariodesanpedro.com.ar\/sitio\/wp-json\/wp\/v2\/types\/post"}],"author":[{"embeddable":true,"href":"https:\/\/eldiariodesanpedro.com.ar\/sitio\/wp-json\/wp\/v2\/users\/4"}],"replies":[{"embeddable":true,"href":"https:\/\/eldiariodesanpedro.com.ar\/sitio\/wp-json\/wp\/v2\/comments?post=52603"}],"version-history":[{"count":1,"href":"https:\/\/eldiariodesanpedro.com.ar\/sitio\/wp-json\/wp\/v2\/posts\/52603\/revisions"}],"predecessor-version":[{"id":52606,"href":"https:\/\/eldiariodesanpedro.com.ar\/sitio\/wp-json\/wp\/v2\/posts\/52603\/revisions\/52606"}],"wp:featuredmedia":[{"embeddable":true,"href":"https:\/\/eldiariodesanpedro.com.ar\/sitio\/wp-json\/wp\/v2\/media\/52604"}],"wp:attachment":[{"href":"https:\/\/eldiariodesanpedro.com.ar\/sitio\/wp-json\/wp\/v2\/media?parent=52603"}],"wp:term":[{"taxonomy":"category","embeddable":true,"href":"https:\/\/eldiariodesanpedro.com.ar\/sitio\/wp-json\/wp\/v2\/categories?post=52603"},{"taxonomy":"post_tag","embeddable":true,"href":"https:\/\/eldiariodesanpedro.com.ar\/sitio\/wp-json\/wp\/v2\/tags?post=52603"}],"curies":[{"name":"wp","href":"https:\/\/api.w.org\/{rel}","templated":true}]}}