{"id":52593,"date":"2019-05-13T12:01:22","date_gmt":"2019-05-13T15:01:22","guid":{"rendered":"https:\/\/eldiariodesanpedro.com.ar\/sitio\/?p=52593"},"modified":"2019-05-13T12:01:32","modified_gmt":"2019-05-13T15:01:32","slug":"baradero-la-beba-hallada-nacio-en-termino-y-fue-golpeada-hasta-morir","status":"publish","type":"post","link":"https:\/\/eldiariodesanpedro.com.ar\/sitio\/baradero-la-beba-hallada-nacio-en-termino-y-fue-golpeada-hasta-morir\/","title":{"rendered":"BARADERO: La beba hallada naci\u00f3 en t\u00e9rmino y fue golpeada hasta morir"},"content":{"rendered":"<!-- VideographyWP Plugin Message: Automatic video embedding prevented by plugin options. -->\n\n<p>La justicia recibi\u00f3 los resultados de la autopsia realizada al cuerpo de la reci\u00e9n nacida encontrada envuelta en una manta, en la madrugada del pasado viernes, en la entrada de una vivienda en Anastasi y Cossi.<\/p>\n\n\n\n<p>El an\u00e1lisis dio como resultado que la peque\u00f1a hab\u00eda nacido en termino y que fue golpeada por un objeto contundente en su cabeza hasta morir, aproximadamente 24 a 48 Hs. antes de ser hallada.<\/p>\n\n\n\n<p>La caratula de la causa es homicidio y se investiga para tratar de dar, en principio, con los progenitores. Se busca en los registros de parto y de embarazos, tanto en lo p\u00fablico como lo privado. Otra hip\u00f3tesis es que, quienes cometieron el delito y descartaron el cuerpo en el descampado, no sean vecinos de nuestra ciudad.<\/p>\n\n\n\n<p>Desde la fiscal\u00eda se solicita a quienes puedan aportar datos que lleven a los investigadores a dar con los responsables de este horrendo crimen.<\/p>\n\n\n\n<p>Fuente: Baradero Te Informa<\/p>\n","protected":false},"excerpt":{"rendered":"<p>La justicia recibi\u00f3 los resultados de la autopsia realizada al cuerpo de la reci\u00e9n nacida encontrada envuelta en una manta, en la madrugada del pasado viernes, en la entrada de una vivienda en Anastasi y Cossi. El an\u00e1lisis dio como resultado que la peque\u00f1a hab\u00eda nacido en termino y que fue golpeada por un objeto [&hellip;]<\/p>\n","protected":false},"author":4,"featured_media":52594,"comment_status":"open","ping_status":"closed","sticky":false,"template":"","format":"standard","meta":{"om_disable_all_campaigns":false,"_jetpack_memberships_contains_paid_content":false,"footnotes":""},"categories":[621],"tags":[],"class_list":["post-52593","post","type-post","status-publish","format-standard","has-post-thumbnail","hentry","category-regionales"],"aioseo_notices":[],"gutentor_comment":0,"jetpack_featured_media_url":"https:\/\/eldiariodesanpedro.com.ar\/sitio\/wp-content\/uploads\/2019\/05\/Sin-t\u00edtulo-1.jpg","jetpack_shortlink":"https:\/\/wp.me\/p6RhLt-dGh","jetpack_sharing_enabled":true,"_links":{"self":[{"href":"https:\/\/eldiariodesanpedro.com.ar\/sitio\/wp-json\/wp\/v2\/posts\/52593","targetHints":{"allow":["GET"]}}],"collection":[{"href":"https:\/\/eldiariodesanpedro.com.ar\/sitio\/wp-json\/wp\/v2\/posts"}],"about":[{"href":"https:\/\/eldiariodesanpedro.com.ar\/sitio\/wp-json\/wp\/v2\/types\/post"}],"author":[{"embeddable":true,"href":"https:\/\/eldiariodesanpedro.com.ar\/sitio\/wp-json\/wp\/v2\/users\/4"}],"replies":[{"embeddable":true,"href":"https:\/\/eldiariodesanpedro.com.ar\/sitio\/wp-json\/wp\/v2\/comments?post=52593"}],"version-history":[{"count":1,"href":"https:\/\/eldiariodesanpedro.com.ar\/sitio\/wp-json\/wp\/v2\/posts\/52593\/revisions"}],"predecessor-version":[{"id":52595,"href":"https:\/\/eldiariodesanpedro.com.ar\/sitio\/wp-json\/wp\/v2\/posts\/52593\/revisions\/52595"}],"wp:featuredmedia":[{"embeddable":true,"href":"https:\/\/eldiariodesanpedro.com.ar\/sitio\/wp-json\/wp\/v2\/media\/52594"}],"wp:attachment":[{"href":"https:\/\/eldiariodesanpedro.com.ar\/sitio\/wp-json\/wp\/v2\/media?parent=52593"}],"wp:term":[{"taxonomy":"category","embeddable":true,"href":"https:\/\/eldiariodesanpedro.com.ar\/sitio\/wp-json\/wp\/v2\/categories?post=52593"},{"taxonomy":"post_tag","embeddable":true,"href":"https:\/\/eldiariodesanpedro.com.ar\/sitio\/wp-json\/wp\/v2\/tags?post=52593"}],"curies":[{"name":"wp","href":"https:\/\/api.w.org\/{rel}","templated":true}]}}