{"id":52582,"date":"2019-05-13T10:29:46","date_gmt":"2019-05-13T13:29:46","guid":{"rendered":"https:\/\/eldiariodesanpedro.com.ar\/sitio\/?p=52582"},"modified":"2019-05-13T10:29:57","modified_gmt":"2019-05-13T13:29:57","slug":"primera-edicion-de-remada-por-los-rios","status":"publish","type":"post","link":"https:\/\/eldiariodesanpedro.com.ar\/sitio\/primera-edicion-de-remada-por-los-rios\/","title":{"rendered":"Primera edici\u00f3n de \u00abRemada por los r\u00edos\u00bb"},"content":{"rendered":"<!-- VideographyWP Plugin Message: Automatic video embedding prevented by plugin options. -->\n\n<p><br> El s\u00e1bado 11 de mayo se realizaron los tramos Ramallo-San Pedro y San Pedro-Baradero de la posta N\u00b07 de la Primera Remada por los R\u00edos.<\/p>\n\n\n\n<p> Los 38 palistas arribaron al Paseo P\u00fablico 1 a las 14:00, tras remar durante 5:30 horas los 43km que nos unen con la ciudad de Ramallo.<\/p>\n\n\n\n<p> La agrupaci\u00f3n de Kayakistas Sampedrinos encabez\u00f3 la organizaci\u00f3n general de la parada en San Pedro con el apoyo de Santa Luc\u00eda Ecol\u00f3gica. Ambas organizaciones tramitaron con anterioridad la Declaraci\u00f3n de Inter\u00e9s Municipal del evento y esperan su inminente sanci\u00f3n.<\/p>\n\n\n\n<p> Se realiz\u00f3 una plantada de carteles en el Paseo P\u00fablico con leyendas que tienden al cuidado y protecci\u00f3n de nuestro preciado tesoro: el r\u00edo Paran\u00e1. <br> Muchos de los carteles fueron confeccionados por los alumnos de la Casa del Ni\u00f1o \u00abEl Amanecer\u00bb del barrio Canaletas, con la colaboraci\u00f3n de la Direcci\u00f3n de Turismo de la ciudad.<\/p>\n\n\n\n<p> Santa Luc\u00eda Ecol\u00f3gica mont\u00f3 un stand de divulgaci\u00f3n de su labor con la separaci\u00f3n de residuos en origen de la localidad vecina, mostrando tambi\u00e9n sus diversas actividades de educaci\u00f3n ambiental y dos de sus miembros participaron de la remada. El compromiso de este grupo con respecto al cuidado de los r\u00edos ha sido manifestado recientemente sumando su firma en un pedido a la C\u00e1mara de Diputados de la Naci\u00f3n por el tratamiento de la ley que proh\u00edbe cosm\u00e9ticos y productos odontol\u00f3gicos con agregados de micropl\u00e1sticos. Dicha solicitud fue coordinada por el C\u00edrculo de Pol\u00edticas Ambientales y firmada por m\u00e1s de veinte organizaciones ambientalistas del pa\u00eds.<\/p>\n\n\n\n<p> El naturalista Enrique Sierra brind\u00f3 una interesante charla sobre la importancia de los humedales de la regi\u00f3n, aportando datos estad\u00edsticos, cient\u00edficos y de su rica experiencia personal.<\/p>\n\n\n\n<p> El grupo Conciencia Ecol\u00f3gica fue el encargado de recibir a los kayakistas con un delicioso guiso de lentejas. <\/p>\n\n\n\n<p> Integrantes de la Asociaci\u00f3n Civil ramallense \u00abUnidos por la Vida y el Medioambiente\u00bb entregaron diplomas de agradecimiento a todos los que hicieron posible que San Pedro se convirtiera en una parada de la Primera Remada por los R\u00edos.<\/p>\n\n\n\n<p> Pasadas las 14:30 otro grupo de 12 palistas parti\u00f3 rumbo a Baradero. Al caer la tarde se culmin\u00f3 el tramo con el recibimiento de autoridades municipales de la ciudad vecina.<\/p>\n\n\n\n<p>El hist\u00f3rico evento comenz\u00f3 el 14 de marzo: D\u00eda Internacional de la lucha por los R\u00edos. Un grupo de kayakistas sali\u00f3 desde Puerto Iguaz\u00fa navegando el Paran\u00e1 y otro grupo lo hizo, en forma simult\u00e1nea, desde Yeru\u00e1  por el r\u00edo Uruguay. <\/p>\n\n\n\n<p> La acci\u00f3n a la que hacemos referencia tiene su origen en la Uni\u00f3n de Asambleas Ciudadanas del Litoral con la propuesta de visibilizar la problem\u00e1tica ambiental que est\u00e1n sufriendo los ecosistemas ribere\u00f1os y humedales de nuestro pa\u00eds. <\/p>\n\n\n\n<p> Mediante un sistema de postas, numerosas organizaciones no gubernamentales, movimientos socio-ambientales y autoconvocados navegan ambos cauces para: <br> -DENUNCIAR la grave contaminaci\u00f3n con agrot\u00f3xicos, pl\u00e1sticos, antibi\u00f3ticos, metales pesados y demas residuos peligrosos que sufren los r\u00edos; sumado a la descontrola depredaci\u00f3n de la fauna ict\u00edcola.<br> -EXIGIR la prohibici\u00f3n absoluta de construcci\u00f3n de represas sobre nuestros r\u00edos, como as\u00ed tambi\u00e9n, de cualquier otro mega emprendimiento inmobiliario y\/o construcci\u00f3n de industrias que amenacen la calidad de sus aguas y el equilibrio de los ecosistemas.<br>-PEDIR la inmediata sanci\u00f3n de la Ley Nacional de protecci\u00f3n de humedales.<br> -SALVAGUARDAR y RESTAURAR el car\u00e1cter especial de los r\u00edos y humedales, sus valores social, cultural, ecol\u00f3gico, salvaje, esc\u00e9nico y tur\u00edstico.<\/p>\n\n\n\n<p>Los organizadores agradecen especialmente a Prefectura Naval Argentina sedes Ramallo, San Pedro y Baradero por el importante apoyo durante la traves\u00eda.<\/p>\n\n\n\n<figure class=\"wp-block-image\"><img decoding=\"async\" width=\"1024\" height=\"768\" data-attachment-id=\"52585\" data-permalink=\"https:\/\/eldiariodesanpedro.com.ar\/sitio\/primera-edicion-de-remada-por-los-rios\/whatsapp-image-2019-05-13-at-08-21-41\/\" data-orig-file=\"https:\/\/eldiariodesanpedro.com.ar\/sitio\/wp-content\/uploads\/2019\/05\/WhatsApp-Image-2019-05-13-at-08.21.41.jpeg\" data-orig-size=\"1280,960\" data-comments-opened=\"1\" data-image-meta=\"{&quot;aperture&quot;:&quot;0&quot;,&quot;credit&quot;:&quot;&quot;,&quot;camera&quot;:&quot;&quot;,&quot;caption&quot;:&quot;&quot;,&quot;created_timestamp&quot;:&quot;0&quot;,&quot;copyright&quot;:&quot;&quot;,&quot;focal_length&quot;:&quot;0&quot;,&quot;iso&quot;:&quot;0&quot;,&quot;shutter_speed&quot;:&quot;0&quot;,&quot;title&quot;:&quot;&quot;,&quot;orientation&quot;:&quot;0&quot;}\" data-image-title=\"WhatsApp Image 2019-05-13 at 08.21.41\" data-image-description=\"\" data-image-caption=\"\" data-large-file=\"https:\/\/eldiariodesanpedro.com.ar\/sitio\/wp-content\/uploads\/2019\/05\/WhatsApp-Image-2019-05-13-at-08.21.41-1024x768.jpeg\" data-src=\"https:\/\/eldiariodesanpedro.com.ar\/sitio\/wp-content\/uploads\/2019\/05\/WhatsApp-Image-2019-05-13-at-08.21.41-1024x768.jpeg\" alt=\"\" class=\"wp-image-52585 lazyload\" data-srcset=\"https:\/\/eldiariodesanpedro.com.ar\/sitio\/wp-content\/uploads\/2019\/05\/WhatsApp-Image-2019-05-13-at-08.21.41-1024x768.jpeg 1024w, https:\/\/eldiariodesanpedro.com.ar\/sitio\/wp-content\/uploads\/2019\/05\/WhatsApp-Image-2019-05-13-at-08.21.41-300x225.jpeg 300w, https:\/\/eldiariodesanpedro.com.ar\/sitio\/wp-content\/uploads\/2019\/05\/WhatsApp-Image-2019-05-13-at-08.21.41-768x576.jpeg 768w, https:\/\/eldiariodesanpedro.com.ar\/sitio\/wp-content\/uploads\/2019\/05\/WhatsApp-Image-2019-05-13-at-08.21.41.jpeg 1280w\" data-sizes=\"(max-width: 1024px) 100vw, 1024px\" src=\"data:image\/svg+xml;base64,PHN2ZyB3aWR0aD0iMSIgaGVpZ2h0PSIxIiB4bWxucz0iaHR0cDovL3d3dy53My5vcmcvMjAwMC9zdmciPjwvc3ZnPg==\" style=\"--smush-placeholder-width: 1024px; --smush-placeholder-aspect-ratio: 1024\/768;\" \/><\/figure>\n\n\n\n<figure class=\"wp-block-image\"><img decoding=\"async\" width=\"1024\" height=\"768\" data-attachment-id=\"52587\" data-permalink=\"https:\/\/eldiariodesanpedro.com.ar\/sitio\/primera-edicion-de-remada-por-los-rios\/whatsapp-image-2019-05-13-at-08-21-42\/\" data-orig-file=\"https:\/\/eldiariodesanpedro.com.ar\/sitio\/wp-content\/uploads\/2019\/05\/WhatsApp-Image-2019-05-13-at-08.21.42.jpeg\" data-orig-size=\"1040,780\" data-comments-opened=\"1\" data-image-meta=\"{&quot;aperture&quot;:&quot;0&quot;,&quot;credit&quot;:&quot;&quot;,&quot;camera&quot;:&quot;&quot;,&quot;caption&quot;:&quot;&quot;,&quot;created_timestamp&quot;:&quot;0&quot;,&quot;copyright&quot;:&quot;&quot;,&quot;focal_length&quot;:&quot;0&quot;,&quot;iso&quot;:&quot;0&quot;,&quot;shutter_speed&quot;:&quot;0&quot;,&quot;title&quot;:&quot;&quot;,&quot;orientation&quot;:&quot;0&quot;}\" data-image-title=\"WhatsApp Image 2019-05-13 at 08.21.42\" data-image-description=\"\" data-image-caption=\"\" data-large-file=\"https:\/\/eldiariodesanpedro.com.ar\/sitio\/wp-content\/uploads\/2019\/05\/WhatsApp-Image-2019-05-13-at-08.21.42-1024x768.jpeg\" data-src=\"https:\/\/eldiariodesanpedro.com.ar\/sitio\/wp-content\/uploads\/2019\/05\/WhatsApp-Image-2019-05-13-at-08.21.42-1024x768.jpeg\" alt=\"\" class=\"wp-image-52587 lazyload\" data-srcset=\"https:\/\/eldiariodesanpedro.com.ar\/sitio\/wp-content\/uploads\/2019\/05\/WhatsApp-Image-2019-05-13-at-08.21.42-1024x768.jpeg 1024w, https:\/\/eldiariodesanpedro.com.ar\/sitio\/wp-content\/uploads\/2019\/05\/WhatsApp-Image-2019-05-13-at-08.21.42-300x225.jpeg 300w, https:\/\/eldiariodesanpedro.com.ar\/sitio\/wp-content\/uploads\/2019\/05\/WhatsApp-Image-2019-05-13-at-08.21.42-768x576.jpeg 768w, https:\/\/eldiariodesanpedro.com.ar\/sitio\/wp-content\/uploads\/2019\/05\/WhatsApp-Image-2019-05-13-at-08.21.42.jpeg 1040w\" data-sizes=\"(max-width: 1024px) 100vw, 1024px\" src=\"data:image\/svg+xml;base64,PHN2ZyB3aWR0aD0iMSIgaGVpZ2h0PSIxIiB4bWxucz0iaHR0cDovL3d3dy53My5vcmcvMjAwMC9zdmciPjwvc3ZnPg==\" style=\"--smush-placeholder-width: 1024px; --smush-placeholder-aspect-ratio: 1024\/768;\" \/><\/figure>\n\n\n\n<figure class=\"wp-block-image\"><img decoding=\"async\" width=\"1024\" height=\"498\" data-attachment-id=\"52588\" data-permalink=\"https:\/\/eldiariodesanpedro.com.ar\/sitio\/primera-edicion-de-remada-por-los-rios\/whatsapp-image-2019-05-13-at-08-21-431\/\" data-orig-file=\"https:\/\/eldiariodesanpedro.com.ar\/sitio\/wp-content\/uploads\/2019\/05\/WhatsApp-Image-2019-05-13-at-08.21.431.jpeg\" data-orig-size=\"1280,622\" data-comments-opened=\"1\" data-image-meta=\"{&quot;aperture&quot;:&quot;0&quot;,&quot;credit&quot;:&quot;&quot;,&quot;camera&quot;:&quot;&quot;,&quot;caption&quot;:&quot;&quot;,&quot;created_timestamp&quot;:&quot;0&quot;,&quot;copyright&quot;:&quot;&quot;,&quot;focal_length&quot;:&quot;0&quot;,&quot;iso&quot;:&quot;0&quot;,&quot;shutter_speed&quot;:&quot;0&quot;,&quot;title&quot;:&quot;&quot;,&quot;orientation&quot;:&quot;0&quot;}\" data-image-title=\"WhatsApp Image 2019-05-13 at 08.21.43(1)\" data-image-description=\"\" data-image-caption=\"\" data-large-file=\"https:\/\/eldiariodesanpedro.com.ar\/sitio\/wp-content\/uploads\/2019\/05\/WhatsApp-Image-2019-05-13-at-08.21.431-1024x498.jpeg\" data-src=\"https:\/\/eldiariodesanpedro.com.ar\/sitio\/wp-content\/uploads\/2019\/05\/WhatsApp-Image-2019-05-13-at-08.21.431-1024x498.jpeg\" alt=\"\" class=\"wp-image-52588 lazyload\" data-srcset=\"https:\/\/eldiariodesanpedro.com.ar\/sitio\/wp-content\/uploads\/2019\/05\/WhatsApp-Image-2019-05-13-at-08.21.431-1024x498.jpeg 1024w, https:\/\/eldiariodesanpedro.com.ar\/sitio\/wp-content\/uploads\/2019\/05\/WhatsApp-Image-2019-05-13-at-08.21.431-300x146.jpeg 300w, https:\/\/eldiariodesanpedro.com.ar\/sitio\/wp-content\/uploads\/2019\/05\/WhatsApp-Image-2019-05-13-at-08.21.431-768x373.jpeg 768w, https:\/\/eldiariodesanpedro.com.ar\/sitio\/wp-content\/uploads\/2019\/05\/WhatsApp-Image-2019-05-13-at-08.21.431.jpeg 1280w\" data-sizes=\"(max-width: 1024px) 100vw, 1024px\" src=\"data:image\/svg+xml;base64,PHN2ZyB3aWR0aD0iMSIgaGVpZ2h0PSIxIiB4bWxucz0iaHR0cDovL3d3dy53My5vcmcvMjAwMC9zdmciPjwvc3ZnPg==\" style=\"--smush-placeholder-width: 1024px; --smush-placeholder-aspect-ratio: 1024\/498;\" \/><\/figure>\n\n\n\n<figure class=\"wp-block-image\"><img decoding=\"async\" width=\"1024\" height=\"768\" data-attachment-id=\"52589\" data-permalink=\"https:\/\/eldiariodesanpedro.com.ar\/sitio\/primera-edicion-de-remada-por-los-rios\/whatsapp-image-2019-05-13-at-08-21-43\/\" data-orig-file=\"https:\/\/eldiariodesanpedro.com.ar\/sitio\/wp-content\/uploads\/2019\/05\/WhatsApp-Image-2019-05-13-at-08.21.43.jpeg\" data-orig-size=\"1032,774\" data-comments-opened=\"1\" data-image-meta=\"{&quot;aperture&quot;:&quot;0&quot;,&quot;credit&quot;:&quot;&quot;,&quot;camera&quot;:&quot;&quot;,&quot;caption&quot;:&quot;&quot;,&quot;created_timestamp&quot;:&quot;0&quot;,&quot;copyright&quot;:&quot;&quot;,&quot;focal_length&quot;:&quot;0&quot;,&quot;iso&quot;:&quot;0&quot;,&quot;shutter_speed&quot;:&quot;0&quot;,&quot;title&quot;:&quot;&quot;,&quot;orientation&quot;:&quot;0&quot;}\" data-image-title=\"WhatsApp Image 2019-05-13 at 08.21.43\" data-image-description=\"\" data-image-caption=\"\" data-large-file=\"https:\/\/eldiariodesanpedro.com.ar\/sitio\/wp-content\/uploads\/2019\/05\/WhatsApp-Image-2019-05-13-at-08.21.43-1024x768.jpeg\" data-src=\"https:\/\/eldiariodesanpedro.com.ar\/sitio\/wp-content\/uploads\/2019\/05\/WhatsApp-Image-2019-05-13-at-08.21.43-1024x768.jpeg\" alt=\"\" class=\"wp-image-52589 lazyload\" data-srcset=\"https:\/\/eldiariodesanpedro.com.ar\/sitio\/wp-content\/uploads\/2019\/05\/WhatsApp-Image-2019-05-13-at-08.21.43-1024x768.jpeg 1024w, https:\/\/eldiariodesanpedro.com.ar\/sitio\/wp-content\/uploads\/2019\/05\/WhatsApp-Image-2019-05-13-at-08.21.43-300x225.jpeg 300w, https:\/\/eldiariodesanpedro.com.ar\/sitio\/wp-content\/uploads\/2019\/05\/WhatsApp-Image-2019-05-13-at-08.21.43-768x576.jpeg 768w, https:\/\/eldiariodesanpedro.com.ar\/sitio\/wp-content\/uploads\/2019\/05\/WhatsApp-Image-2019-05-13-at-08.21.43.jpeg 1032w\" data-sizes=\"(max-width: 1024px) 100vw, 1024px\" src=\"data:image\/svg+xml;base64,PHN2ZyB3aWR0aD0iMSIgaGVpZ2h0PSIxIiB4bWxucz0iaHR0cDovL3d3dy53My5vcmcvMjAwMC9zdmciPjwvc3ZnPg==\" style=\"--smush-placeholder-width: 1024px; --smush-placeholder-aspect-ratio: 1024\/768;\" \/><\/figure>\n\n\n\n<figure class=\"wp-block-image\"><img decoding=\"async\" width=\"768\" height=\"1024\" data-attachment-id=\"52590\" data-permalink=\"https:\/\/eldiariodesanpedro.com.ar\/sitio\/primera-edicion-de-remada-por-los-rios\/whatsapp-image-2019-05-13-at-08-22-14\/\" data-orig-file=\"https:\/\/eldiariodesanpedro.com.ar\/sitio\/wp-content\/uploads\/2019\/05\/WhatsApp-Image-2019-05-13-at-08.22.14.jpeg\" data-orig-size=\"780,1040\" data-comments-opened=\"1\" data-image-meta=\"{&quot;aperture&quot;:&quot;0&quot;,&quot;credit&quot;:&quot;&quot;,&quot;camera&quot;:&quot;&quot;,&quot;caption&quot;:&quot;&quot;,&quot;created_timestamp&quot;:&quot;0&quot;,&quot;copyright&quot;:&quot;&quot;,&quot;focal_length&quot;:&quot;0&quot;,&quot;iso&quot;:&quot;0&quot;,&quot;shutter_speed&quot;:&quot;0&quot;,&quot;title&quot;:&quot;&quot;,&quot;orientation&quot;:&quot;0&quot;}\" data-image-title=\"WhatsApp Image 2019-05-13 at 08.22.14\" data-image-description=\"\" data-image-caption=\"\" data-large-file=\"https:\/\/eldiariodesanpedro.com.ar\/sitio\/wp-content\/uploads\/2019\/05\/WhatsApp-Image-2019-05-13-at-08.22.14-768x1024.jpeg\" data-src=\"https:\/\/eldiariodesanpedro.com.ar\/sitio\/wp-content\/uploads\/2019\/05\/WhatsApp-Image-2019-05-13-at-08.22.14-768x1024.jpeg\" alt=\"\" class=\"wp-image-52590 lazyload\" data-srcset=\"https:\/\/eldiariodesanpedro.com.ar\/sitio\/wp-content\/uploads\/2019\/05\/WhatsApp-Image-2019-05-13-at-08.22.14-768x1024.jpeg 768w, https:\/\/eldiariodesanpedro.com.ar\/sitio\/wp-content\/uploads\/2019\/05\/WhatsApp-Image-2019-05-13-at-08.22.14-225x300.jpeg 225w, https:\/\/eldiariodesanpedro.com.ar\/sitio\/wp-content\/uploads\/2019\/05\/WhatsApp-Image-2019-05-13-at-08.22.14.jpeg 780w\" data-sizes=\"(max-width: 768px) 100vw, 768px\" src=\"data:image\/svg+xml;base64,PHN2ZyB3aWR0aD0iMSIgaGVpZ2h0PSIxIiB4bWxucz0iaHR0cDovL3d3dy53My5vcmcvMjAwMC9zdmciPjwvc3ZnPg==\" style=\"--smush-placeholder-width: 768px; --smush-placeholder-aspect-ratio: 768\/1024;\" \/><\/figure>\n","protected":false},"excerpt":{"rendered":"<p>El s\u00e1bado 11 de mayo se realizaron los tramos Ramallo-San Pedro y San Pedro-Baradero de la posta N\u00b07 de la Primera Remada por los R\u00edos. Los 38 palistas arribaron al Paseo P\u00fablico 1 a las 14:00, tras remar durante 5:30 horas los 43km que nos unen con la ciudad de Ramallo. La agrupaci\u00f3n de Kayakistas [&hellip;]<\/p>\n","protected":false},"author":4,"featured_media":52586,"comment_status":"open","ping_status":"closed","sticky":false,"template":"","format":"standard","meta":{"om_disable_all_campaigns":false,"_jetpack_memberships_contains_paid_content":false,"footnotes":""},"categories":[101,2],"tags":[],"class_list":["post-52582","post","type-post","status-publish","format-standard","has-post-thumbnail","hentry","category-interes-general-locales","category-locales"],"aioseo_notices":[],"gutentor_comment":0,"jetpack_featured_media_url":"https:\/\/eldiariodesanpedro.com.ar\/sitio\/wp-content\/uploads\/2019\/05\/WhatsApp-Image-2019-05-13-at-08.21.421.jpeg","jetpack_shortlink":"https:\/\/wp.me\/p6RhLt-dG6","jetpack_sharing_enabled":true,"_links":{"self":[{"href":"https:\/\/eldiariodesanpedro.com.ar\/sitio\/wp-json\/wp\/v2\/posts\/52582","targetHints":{"allow":["GET"]}}],"collection":[{"href":"https:\/\/eldiariodesanpedro.com.ar\/sitio\/wp-json\/wp\/v2\/posts"}],"about":[{"href":"https:\/\/eldiariodesanpedro.com.ar\/sitio\/wp-json\/wp\/v2\/types\/post"}],"author":[{"embeddable":true,"href":"https:\/\/eldiariodesanpedro.com.ar\/sitio\/wp-json\/wp\/v2\/users\/4"}],"replies":[{"embeddable":true,"href":"https:\/\/eldiariodesanpedro.com.ar\/sitio\/wp-json\/wp\/v2\/comments?post=52582"}],"version-history":[{"count":1,"href":"https:\/\/eldiariodesanpedro.com.ar\/sitio\/wp-json\/wp\/v2\/posts\/52582\/revisions"}],"predecessor-version":[{"id":52592,"href":"https:\/\/eldiariodesanpedro.com.ar\/sitio\/wp-json\/wp\/v2\/posts\/52582\/revisions\/52592"}],"wp:featuredmedia":[{"embeddable":true,"href":"https:\/\/eldiariodesanpedro.com.ar\/sitio\/wp-json\/wp\/v2\/media\/52586"}],"wp:attachment":[{"href":"https:\/\/eldiariodesanpedro.com.ar\/sitio\/wp-json\/wp\/v2\/media?parent=52582"}],"wp:term":[{"taxonomy":"category","embeddable":true,"href":"https:\/\/eldiariodesanpedro.com.ar\/sitio\/wp-json\/wp\/v2\/categories?post=52582"},{"taxonomy":"post_tag","embeddable":true,"href":"https:\/\/eldiariodesanpedro.com.ar\/sitio\/wp-json\/wp\/v2\/tags?post=52582"}],"curies":[{"name":"wp","href":"https:\/\/api.w.org\/{rel}","templated":true}]}}