{"id":52578,"date":"2019-05-13T10:21:13","date_gmt":"2019-05-13T13:21:13","guid":{"rendered":"https:\/\/eldiariodesanpedro.com.ar\/sitio\/?p=52578"},"modified":"2019-05-13T10:21:22","modified_gmt":"2019-05-13T13:21:22","slug":"campana-choque-multiple-en-la-autopista-panamericana","status":"publish","type":"post","link":"https:\/\/eldiariodesanpedro.com.ar\/sitio\/campana-choque-multiple-en-la-autopista-panamericana\/","title":{"rendered":"CAMPANA: Choque m\u00faltiple en la Autopista Panamericana"},"content":{"rendered":"<!-- VideographyWP Plugin Message: Automatic video embedding prevented by plugin options. -->\n\n<p>\n\nFue este fin de semana, a la altura del KM 74, sentido a Capital. Cuatro veh\u00edculos se vieron involucrados, y uno de ellos comenz\u00f3 a incendiarse. Una persona result\u00f3 herida.<br><\/p>\n\n\n\n<p>\n\n6:50 horas. La ruta 9, a la altura del km 74 mano a Capital, fue escenario de un m\u00faltiple accidente que dej\u00f3 consecuencia tanto para los veh\u00edculos protagonistas, como para uno de sus ocupantes.<\/p>\n\n\n\n<p>Cuatro autos participaron del choque en cadena, desconoci\u00e9ndose los motivos. Un Renault Logan, conducido por Alfredo Luis Hermelo, un Honda Civic en el que viajaba Diego Gonz\u00e1lez, y un Mercedes Benz guiado por Eduardo Javier Escobar, qui\u00e9n iba acompa\u00f1ado por su padre, Eduardo.<\/p>\n\n\n\n<p>El mayor de los Escobar sufri\u00f3 politraumatismos siendo trasladado al hospital local por una ambulancia a cargo de la doctora Florencia Godoy.<\/p>\n\n\n\n<p>El cuarto veh\u00edculo, un VW Gol Country, era conducido por Miguel Jes\u00fas Ram\u00edrez. Dicho veh\u00edculo sufri\u00f3 un principio de incendio en la zona del motor, siendo sofocado por el m\u00f3vil 48 de bomberos a cargo del Principal Oscar Valdez.<\/p>\n\n\n\n<p>El tr\u00e1nsito en el lugar estuvo interrumpido, reducido luego a s\u00f3lo una mano hasta qu\u00e9 los autos fueron retirados del lugar.<\/p>\n\n\n\n<p>Intervinieron Polic\u00eda Vial corredor Panamericano, y Defensa Civil. <\/p>\n\n\n\n<figure class=\"wp-block-image\"><img decoding=\"async\" width=\"470\" height=\"353\" data-attachment-id=\"52580\" data-permalink=\"https:\/\/eldiariodesanpedro.com.ar\/sitio\/campana-choque-multiple-en-la-autopista-panamericana\/attachment\/20190512105539\/\" data-orig-file=\"https:\/\/eldiariodesanpedro.com.ar\/sitio\/wp-content\/uploads\/2019\/05\/20190512105539.jpg\" data-orig-size=\"470,353\" data-comments-opened=\"1\" data-image-meta=\"{&quot;aperture&quot;:&quot;0&quot;,&quot;credit&quot;:&quot;&quot;,&quot;camera&quot;:&quot;&quot;,&quot;caption&quot;:&quot;&quot;,&quot;created_timestamp&quot;:&quot;0&quot;,&quot;copyright&quot;:&quot;&quot;,&quot;focal_length&quot;:&quot;0&quot;,&quot;iso&quot;:&quot;0&quot;,&quot;shutter_speed&quot;:&quot;0&quot;,&quot;title&quot;:&quot;&quot;,&quot;orientation&quot;:&quot;0&quot;}\" data-image-title=\"20190512105539\" data-image-description=\"\" data-image-caption=\"\" data-large-file=\"https:\/\/eldiariodesanpedro.com.ar\/sitio\/wp-content\/uploads\/2019\/05\/20190512105539.jpg\" data-src=\"https:\/\/eldiariodesanpedro.com.ar\/sitio\/wp-content\/uploads\/2019\/05\/20190512105539.jpg\" alt=\"\" class=\"wp-image-52580 lazyload\" data-srcset=\"https:\/\/eldiariodesanpedro.com.ar\/sitio\/wp-content\/uploads\/2019\/05\/20190512105539.jpg 470w, https:\/\/eldiariodesanpedro.com.ar\/sitio\/wp-content\/uploads\/2019\/05\/20190512105539-300x225.jpg 300w\" data-sizes=\"(max-width: 470px) 100vw, 470px\" src=\"data:image\/svg+xml;base64,PHN2ZyB3aWR0aD0iMSIgaGVpZ2h0PSIxIiB4bWxucz0iaHR0cDovL3d3dy53My5vcmcvMjAwMC9zdmciPjwvc3ZnPg==\" style=\"--smush-placeholder-width: 470px; --smush-placeholder-aspect-ratio: 470\/353;\" \/><\/figure>\n","protected":false},"excerpt":{"rendered":"<p>Fue este fin de semana, a la altura del KM 74, sentido a Capital. Cuatro veh\u00edculos se vieron involucrados, y uno de ellos comenz\u00f3 a incendiarse. Una persona result\u00f3 herida. 6:50 horas. La ruta 9, a la altura del km 74 mano a Capital, fue escenario de un m\u00faltiple accidente que dej\u00f3 consecuencia tanto para [&hellip;]<\/p>\n","protected":false},"author":4,"featured_media":52579,"comment_status":"open","ping_status":"closed","sticky":false,"template":"","format":"standard","meta":{"om_disable_all_campaigns":false,"_jetpack_memberships_contains_paid_content":false,"footnotes":""},"categories":[621],"tags":[],"class_list":["post-52578","post","type-post","status-publish","format-standard","has-post-thumbnail","hentry","category-regionales"],"aioseo_notices":[],"gutentor_comment":0,"jetpack_featured_media_url":"https:\/\/eldiariodesanpedro.com.ar\/sitio\/wp-content\/uploads\/2019\/05\/20190512105350.jpg","jetpack_shortlink":"https:\/\/wp.me\/p6RhLt-dG2","jetpack_sharing_enabled":true,"_links":{"self":[{"href":"https:\/\/eldiariodesanpedro.com.ar\/sitio\/wp-json\/wp\/v2\/posts\/52578","targetHints":{"allow":["GET"]}}],"collection":[{"href":"https:\/\/eldiariodesanpedro.com.ar\/sitio\/wp-json\/wp\/v2\/posts"}],"about":[{"href":"https:\/\/eldiariodesanpedro.com.ar\/sitio\/wp-json\/wp\/v2\/types\/post"}],"author":[{"embeddable":true,"href":"https:\/\/eldiariodesanpedro.com.ar\/sitio\/wp-json\/wp\/v2\/users\/4"}],"replies":[{"embeddable":true,"href":"https:\/\/eldiariodesanpedro.com.ar\/sitio\/wp-json\/wp\/v2\/comments?post=52578"}],"version-history":[{"count":1,"href":"https:\/\/eldiariodesanpedro.com.ar\/sitio\/wp-json\/wp\/v2\/posts\/52578\/revisions"}],"predecessor-version":[{"id":52581,"href":"https:\/\/eldiariodesanpedro.com.ar\/sitio\/wp-json\/wp\/v2\/posts\/52578\/revisions\/52581"}],"wp:featuredmedia":[{"embeddable":true,"href":"https:\/\/eldiariodesanpedro.com.ar\/sitio\/wp-json\/wp\/v2\/media\/52579"}],"wp:attachment":[{"href":"https:\/\/eldiariodesanpedro.com.ar\/sitio\/wp-json\/wp\/v2\/media?parent=52578"}],"wp:term":[{"taxonomy":"category","embeddable":true,"href":"https:\/\/eldiariodesanpedro.com.ar\/sitio\/wp-json\/wp\/v2\/categories?post=52578"},{"taxonomy":"post_tag","embeddable":true,"href":"https:\/\/eldiariodesanpedro.com.ar\/sitio\/wp-json\/wp\/v2\/tags?post=52578"}],"curies":[{"name":"wp","href":"https:\/\/api.w.org\/{rel}","templated":true}]}}