{"id":52575,"date":"2019-05-13T10:18:32","date_gmt":"2019-05-13T13:18:32","guid":{"rendered":"https:\/\/eldiariodesanpedro.com.ar\/sitio\/?p=52575"},"modified":"2019-05-13T10:18:42","modified_gmt":"2019-05-13T13:18:42","slug":"arrecifes-se-retiro-el-imponente-cristo-de-la-hermandad","status":"publish","type":"post","link":"https:\/\/eldiariodesanpedro.com.ar\/sitio\/arrecifes-se-retiro-el-imponente-cristo-de-la-hermandad\/","title":{"rendered":"ARRECIFES: Se retir\u00f3 el imponente Cristo de la Hermandad"},"content":{"rendered":"<!-- VideographyWP Plugin Message: Automatic video embedding prevented by plugin options. -->\n\n<p>El Cristo de la Hermandad, ubicado en la zona del ferrocarril, fue retirado del lugar en la ma\u00f1ana de este s\u00e1bado por dos grandes gr\u00faas que hicieron r\u00e1pido y eficientemente su trabajo.<\/p>\n\n\n\n<p>Tras la extracci\u00f3n de la obra, el segundo paso fue acostarlo para cargarlo sobre un carret\u00f3n que lo llev\u00f3 al Parque Industrial, yendo derecho por Avenida Molina.<\/p>\n","protected":false},"excerpt":{"rendered":"<p>El Cristo de la Hermandad, ubicado en la zona del ferrocarril, fue retirado del lugar en la ma\u00f1ana de este s\u00e1bado por dos grandes gr\u00faas que hicieron r\u00e1pido y eficientemente su trabajo. Tras la extracci\u00f3n de la obra, el segundo paso fue acostarlo para cargarlo sobre un carret\u00f3n que lo llev\u00f3 al Parque Industrial, yendo [&hellip;]<\/p>\n","protected":false},"author":4,"featured_media":52576,"comment_status":"open","ping_status":"closed","sticky":false,"template":"","format":"standard","meta":{"om_disable_all_campaigns":false,"_jetpack_memberships_contains_paid_content":false,"footnotes":""},"categories":[621],"tags":[],"class_list":["post-52575","post","type-post","status-publish","format-standard","has-post-thumbnail","hentry","category-regionales"],"aioseo_notices":[],"gutentor_comment":0,"jetpack_featured_media_url":"https:\/\/eldiariodesanpedro.com.ar\/sitio\/wp-content\/uploads\/2019\/05\/Cristo-5-702x510.jpg","jetpack_shortlink":"https:\/\/wp.me\/p6RhLt-dFZ","jetpack_sharing_enabled":true,"_links":{"self":[{"href":"https:\/\/eldiariodesanpedro.com.ar\/sitio\/wp-json\/wp\/v2\/posts\/52575","targetHints":{"allow":["GET"]}}],"collection":[{"href":"https:\/\/eldiariodesanpedro.com.ar\/sitio\/wp-json\/wp\/v2\/posts"}],"about":[{"href":"https:\/\/eldiariodesanpedro.com.ar\/sitio\/wp-json\/wp\/v2\/types\/post"}],"author":[{"embeddable":true,"href":"https:\/\/eldiariodesanpedro.com.ar\/sitio\/wp-json\/wp\/v2\/users\/4"}],"replies":[{"embeddable":true,"href":"https:\/\/eldiariodesanpedro.com.ar\/sitio\/wp-json\/wp\/v2\/comments?post=52575"}],"version-history":[{"count":1,"href":"https:\/\/eldiariodesanpedro.com.ar\/sitio\/wp-json\/wp\/v2\/posts\/52575\/revisions"}],"predecessor-version":[{"id":52577,"href":"https:\/\/eldiariodesanpedro.com.ar\/sitio\/wp-json\/wp\/v2\/posts\/52575\/revisions\/52577"}],"wp:featuredmedia":[{"embeddable":true,"href":"https:\/\/eldiariodesanpedro.com.ar\/sitio\/wp-json\/wp\/v2\/media\/52576"}],"wp:attachment":[{"href":"https:\/\/eldiariodesanpedro.com.ar\/sitio\/wp-json\/wp\/v2\/media?parent=52575"}],"wp:term":[{"taxonomy":"category","embeddable":true,"href":"https:\/\/eldiariodesanpedro.com.ar\/sitio\/wp-json\/wp\/v2\/categories?post=52575"},{"taxonomy":"post_tag","embeddable":true,"href":"https:\/\/eldiariodesanpedro.com.ar\/sitio\/wp-json\/wp\/v2\/tags?post=52575"}],"curies":[{"name":"wp","href":"https:\/\/api.w.org\/{rel}","templated":true}]}}