{"id":52569,"date":"2019-05-13T09:55:59","date_gmt":"2019-05-13T12:55:59","guid":{"rendered":"https:\/\/eldiariodesanpedro.com.ar\/sitio\/?p=52569"},"modified":"2019-05-13T09:56:07","modified_gmt":"2019-05-13T12:56:07","slug":"un-aprehendido-por-resistencia-a-la-autoridad","status":"publish","type":"post","link":"https:\/\/eldiariodesanpedro.com.ar\/sitio\/un-aprehendido-por-resistencia-a-la-autoridad\/","title":{"rendered":"Un aprehendido por resistencia a la autoridad"},"content":{"rendered":"<!-- VideographyWP Plugin Message: Automatic video embedding prevented by plugin options. -->\n\n<p>El hecho sucedi\u00f3 por la tarde noche del domingo. El agresor torn\u00e1ndose en posici\u00f3n de boxeador, quiso agredir al personal policial. Fue reducido y trasladado a la dependencia local.<\/p>\n\n\n\n<p>En operativo de identificaci\u00f3n rutinaria, los efectivos que se encontraban trabajando,  intentan identificar a un masculino en intersecci\u00f3n de las calles Alvear y Benefactora Sampedrina.<\/p>\n\n\n\n<p>El sujeto mostr\u00f3 resistencia, oponi\u00e9ndose a las ordenes impartidas de la autoridad torn\u00e1ndose hostil y en posici\u00f3n de boxeador intentando agredir f\u00edsicamente al personal.<\/p>\n\n\n\n<p>Fue reducido r\u00e1pidamente y trasladado a la comisaria en espera de la intervenci\u00f3n de la fiscalia N\u00ba5,  a cargo del Dr Manso.<\/p>\n\n\n\n<p><br><\/p>\n","protected":false},"excerpt":{"rendered":"<p>El hecho sucedi\u00f3 por la tarde noche del domingo. El agresor torn\u00e1ndose en posici\u00f3n de boxeador, quiso agredir al personal policial. Fue reducido y trasladado a la dependencia local. En operativo de identificaci\u00f3n rutinaria, los efectivos que se encontraban trabajando, intentan identificar a un masculino en intersecci\u00f3n de las calles Alvear y Benefactora Sampedrina. El [&hellip;]<\/p>\n","protected":false},"author":4,"featured_media":30195,"comment_status":"open","ping_status":"closed","sticky":false,"template":"","format":"standard","meta":{"om_disable_all_campaigns":false,"_jetpack_memberships_contains_paid_content":false,"footnotes":""},"categories":[2,103],"tags":[],"class_list":["post-52569","post","type-post","status-publish","format-standard","has-post-thumbnail","hentry","category-locales","category-policiales-locales"],"aioseo_notices":[],"gutentor_comment":0,"jetpack_featured_media_url":"https:\/\/eldiariodesanpedro.com.ar\/sitio\/wp-content\/uploads\/2018\/03\/Aprehendido-y-ofuscado.jpg","jetpack_shortlink":"https:\/\/wp.me\/p6RhLt-dFT","jetpack_sharing_enabled":true,"_links":{"self":[{"href":"https:\/\/eldiariodesanpedro.com.ar\/sitio\/wp-json\/wp\/v2\/posts\/52569","targetHints":{"allow":["GET"]}}],"collection":[{"href":"https:\/\/eldiariodesanpedro.com.ar\/sitio\/wp-json\/wp\/v2\/posts"}],"about":[{"href":"https:\/\/eldiariodesanpedro.com.ar\/sitio\/wp-json\/wp\/v2\/types\/post"}],"author":[{"embeddable":true,"href":"https:\/\/eldiariodesanpedro.com.ar\/sitio\/wp-json\/wp\/v2\/users\/4"}],"replies":[{"embeddable":true,"href":"https:\/\/eldiariodesanpedro.com.ar\/sitio\/wp-json\/wp\/v2\/comments?post=52569"}],"version-history":[{"count":1,"href":"https:\/\/eldiariodesanpedro.com.ar\/sitio\/wp-json\/wp\/v2\/posts\/52569\/revisions"}],"predecessor-version":[{"id":52570,"href":"https:\/\/eldiariodesanpedro.com.ar\/sitio\/wp-json\/wp\/v2\/posts\/52569\/revisions\/52570"}],"wp:featuredmedia":[{"embeddable":true,"href":"https:\/\/eldiariodesanpedro.com.ar\/sitio\/wp-json\/wp\/v2\/media\/30195"}],"wp:attachment":[{"href":"https:\/\/eldiariodesanpedro.com.ar\/sitio\/wp-json\/wp\/v2\/media?parent=52569"}],"wp:term":[{"taxonomy":"category","embeddable":true,"href":"https:\/\/eldiariodesanpedro.com.ar\/sitio\/wp-json\/wp\/v2\/categories?post=52569"},{"taxonomy":"post_tag","embeddable":true,"href":"https:\/\/eldiariodesanpedro.com.ar\/sitio\/wp-json\/wp\/v2\/tags?post=52569"}],"curies":[{"name":"wp","href":"https:\/\/api.w.org\/{rel}","templated":true}]}}