{"id":52566,"date":"2019-05-13T09:26:25","date_gmt":"2019-05-13T12:26:25","guid":{"rendered":"https:\/\/eldiariodesanpedro.com.ar\/sitio\/?p=52566"},"modified":"2019-05-13T09:26:38","modified_gmt":"2019-05-13T12:26:38","slug":"salazar-el-tren-sanitario-es-un-hospital","status":"publish","type":"post","link":"https:\/\/eldiariodesanpedro.com.ar\/sitio\/salazar-el-tren-sanitario-es-un-hospital\/","title":{"rendered":"Salazar: \u00abEl Tren Sanitario es un Hospital\u00bb"},"content":{"rendered":"<!-- VideographyWP Plugin Message: Automatic video embedding prevented by plugin options. -->\n\n<p>Desde este lunes  se encontrara estacionado en la Estaci\u00f3n de Ferrocarril de nuestra ciudad, el Tren Sanitario llegado desde el Ministerio de Trabajo Social de la Naci\u00f3n. El Jefe Comunal se hizo presente donde se mostr\u00f3 muy contento por la llegada del mismo<\/p>\n\n\n\n<p>\u00abCuando me llamaron puse a disposici\u00f3n la Secretaria de Salud, todo mi equipo de trabajo y nos pusimos en contacto con los coordinadores del mismo para que pudiera llegar a San Pedro, que por cierto se encuentra en Baradero tambi\u00e9n\u00bb, dialogaba con los medios locales presentes en Intendente Cecilio Salazar, quien recorri\u00f3 cada espacio del Tren Sanitario M\u00f3vil.<\/p>\n\n\n\n<p>\u00abEs un Hospital verdaderamnete, esta muy bien equipado, con equipos de ultima tegnologia, tiene casi todas las especialidades, desde adontologia hasta pediatria, y ademas te poder hacer el DNI tambien\u00bb<\/p>\n\n\n\n<p>Por ultimo agregaba brind\u00e1ndonos detalles de como podemos ser atendidos  para estudios o un control medico \u00abte llegas hasta  las oficinas de la estaci\u00f3n, all\u00ed te cargan los datos y te preguntan en que especialidad necesitas ser atendido y pasar a esperar aqu\u00ed al lado del Tren\u00bb, culminaba.<\/p>\n\n\n\n<p><\/p>\n","protected":false},"excerpt":{"rendered":"<p>Desde este lunes se encontrara estacionado en la Estaci\u00f3n de Ferrocarril de nuestra ciudad, el Tren Sanitario llegado desde el Ministerio de Trabajo Social de la Naci\u00f3n. El Jefe Comunal se hizo presente donde se mostr\u00f3 muy contento por la llegada del mismo \u00abCuando me llamaron puse a disposici\u00f3n la Secretaria de Salud, todo mi [&hellip;]<\/p>\n","protected":false},"author":4,"featured_media":52567,"comment_status":"open","ping_status":"closed","sticky":false,"template":"","format":"standard","meta":{"om_disable_all_campaigns":false,"_jetpack_memberships_contains_paid_content":false,"footnotes":""},"categories":[50,101,2],"tags":[],"class_list":["post-52566","post","type-post","status-publish","format-standard","has-post-thumbnail","hentry","category-destacadas","category-interes-general-locales","category-locales"],"aioseo_notices":[],"gutentor_comment":0,"jetpack_featured_media_url":"https:\/\/eldiariodesanpedro.com.ar\/sitio\/wp-content\/uploads\/2019\/05\/WhatsApp-Image-2019-05-13-at-9.04.42-AM.jpeg","jetpack_shortlink":"https:\/\/wp.me\/p6RhLt-dFQ","jetpack_sharing_enabled":true,"_links":{"self":[{"href":"https:\/\/eldiariodesanpedro.com.ar\/sitio\/wp-json\/wp\/v2\/posts\/52566","targetHints":{"allow":["GET"]}}],"collection":[{"href":"https:\/\/eldiariodesanpedro.com.ar\/sitio\/wp-json\/wp\/v2\/posts"}],"about":[{"href":"https:\/\/eldiariodesanpedro.com.ar\/sitio\/wp-json\/wp\/v2\/types\/post"}],"author":[{"embeddable":true,"href":"https:\/\/eldiariodesanpedro.com.ar\/sitio\/wp-json\/wp\/v2\/users\/4"}],"replies":[{"embeddable":true,"href":"https:\/\/eldiariodesanpedro.com.ar\/sitio\/wp-json\/wp\/v2\/comments?post=52566"}],"version-history":[{"count":1,"href":"https:\/\/eldiariodesanpedro.com.ar\/sitio\/wp-json\/wp\/v2\/posts\/52566\/revisions"}],"predecessor-version":[{"id":52568,"href":"https:\/\/eldiariodesanpedro.com.ar\/sitio\/wp-json\/wp\/v2\/posts\/52566\/revisions\/52568"}],"wp:featuredmedia":[{"embeddable":true,"href":"https:\/\/eldiariodesanpedro.com.ar\/sitio\/wp-json\/wp\/v2\/media\/52567"}],"wp:attachment":[{"href":"https:\/\/eldiariodesanpedro.com.ar\/sitio\/wp-json\/wp\/v2\/media?parent=52566"}],"wp:term":[{"taxonomy":"category","embeddable":true,"href":"https:\/\/eldiariodesanpedro.com.ar\/sitio\/wp-json\/wp\/v2\/categories?post=52566"},{"taxonomy":"post_tag","embeddable":true,"href":"https:\/\/eldiariodesanpedro.com.ar\/sitio\/wp-json\/wp\/v2\/tags?post=52566"}],"curies":[{"name":"wp","href":"https:\/\/api.w.org\/{rel}","templated":true}]}}