{"id":52550,"date":"2019-05-12T18:04:17","date_gmt":"2019-05-12T21:04:17","guid":{"rendered":"https:\/\/eldiariodesanpedro.com.ar\/sitio\/?p=52550"},"modified":"2019-05-12T18:04:35","modified_gmt":"2019-05-12T21:04:35","slug":"dia-del-himno-en-el-centro-cultural","status":"publish","type":"post","link":"https:\/\/eldiariodesanpedro.com.ar\/sitio\/dia-del-himno-en-el-centro-cultural\/","title":{"rendered":"D\u00eda del Himno en el Centro Cultural"},"content":{"rendered":"<!-- VideographyWP Plugin Message: Automatic video embedding prevented by plugin options. -->\n\n<p> Este s\u00e1bado 11, D\u00eda del Himno Nacional Argentino, disfrutamos de una jornada diferente en el Centro Cultural Abelardo Castillo.\u00a0<\/p>\n\n\n\n<p>El grupo del Taller de Lenguaje de Se\u00f1as que dirige Lucrecia Panizza y que se dicta todas las semanas en dicho Centro, acompa\u00f1\u00f3 a Andrea Lopardo que interpret\u00f3 y enton\u00f3 las estrofas del Himno.<\/p>\n\n\n\n<p>El p\u00fablico se acerc\u00f3 hasta el nuevo espacio cultural abierto para todos los visitantes y disfrut\u00f3 de esta propuesta. <\/p>\n","protected":false},"excerpt":{"rendered":"<p>Este s\u00e1bado 11, D\u00eda del Himno Nacional Argentino, disfrutamos de una jornada diferente en el Centro Cultural Abelardo Castillo.\u00a0 El grupo del Taller de Lenguaje de Se\u00f1as que dirige Lucrecia Panizza y que se dicta todas las semanas en dicho Centro, acompa\u00f1\u00f3 a Andrea Lopardo que interpret\u00f3 y enton\u00f3 las estrofas del Himno. El p\u00fablico [&hellip;]<\/p>\n","protected":false},"author":4,"featured_media":52551,"comment_status":"open","ping_status":"closed","sticky":false,"template":"","format":"standard","meta":{"om_disable_all_campaigns":false,"_jetpack_memberships_contains_paid_content":false,"footnotes":""},"categories":[101,2],"tags":[],"class_list":["post-52550","post","type-post","status-publish","format-standard","has-post-thumbnail","hentry","category-interes-general-locales","category-locales"],"aioseo_notices":[],"gutentor_comment":0,"jetpack_featured_media_url":"https:\/\/eldiariodesanpedro.com.ar\/sitio\/wp-content\/uploads\/2019\/05\/2-min-2.jpg","jetpack_shortlink":"https:\/\/wp.me\/p6RhLt-dFA","jetpack_sharing_enabled":true,"_links":{"self":[{"href":"https:\/\/eldiariodesanpedro.com.ar\/sitio\/wp-json\/wp\/v2\/posts\/52550","targetHints":{"allow":["GET"]}}],"collection":[{"href":"https:\/\/eldiariodesanpedro.com.ar\/sitio\/wp-json\/wp\/v2\/posts"}],"about":[{"href":"https:\/\/eldiariodesanpedro.com.ar\/sitio\/wp-json\/wp\/v2\/types\/post"}],"author":[{"embeddable":true,"href":"https:\/\/eldiariodesanpedro.com.ar\/sitio\/wp-json\/wp\/v2\/users\/4"}],"replies":[{"embeddable":true,"href":"https:\/\/eldiariodesanpedro.com.ar\/sitio\/wp-json\/wp\/v2\/comments?post=52550"}],"version-history":[{"count":1,"href":"https:\/\/eldiariodesanpedro.com.ar\/sitio\/wp-json\/wp\/v2\/posts\/52550\/revisions"}],"predecessor-version":[{"id":52553,"href":"https:\/\/eldiariodesanpedro.com.ar\/sitio\/wp-json\/wp\/v2\/posts\/52550\/revisions\/52553"}],"wp:featuredmedia":[{"embeddable":true,"href":"https:\/\/eldiariodesanpedro.com.ar\/sitio\/wp-json\/wp\/v2\/media\/52551"}],"wp:attachment":[{"href":"https:\/\/eldiariodesanpedro.com.ar\/sitio\/wp-json\/wp\/v2\/media?parent=52550"}],"wp:term":[{"taxonomy":"category","embeddable":true,"href":"https:\/\/eldiariodesanpedro.com.ar\/sitio\/wp-json\/wp\/v2\/categories?post=52550"},{"taxonomy":"post_tag","embeddable":true,"href":"https:\/\/eldiariodesanpedro.com.ar\/sitio\/wp-json\/wp\/v2\/tags?post=52550"}],"curies":[{"name":"wp","href":"https:\/\/api.w.org\/{rel}","templated":true}]}}