{"id":52546,"date":"2019-05-12T18:00:47","date_gmt":"2019-05-12T21:00:47","guid":{"rendered":"https:\/\/eldiariodesanpedro.com.ar\/sitio\/?p=52546"},"modified":"2019-05-12T18:01:00","modified_gmt":"2019-05-12T21:01:00","slug":"11-jornada-de-enfermedad-celiaca","status":"publish","type":"post","link":"https:\/\/eldiariodesanpedro.com.ar\/sitio\/11-jornada-de-enfermedad-celiaca\/","title":{"rendered":"11\u00b0 Jornada de Enfermedad Cel\u00edaca"},"content":{"rendered":"<!-- VideographyWP Plugin Message: Automatic video embedding prevented by plugin options. -->\n\n<p> La Municipalidad de San Pedro, a trav\u00e9s de la Secretar\u00eda de Salud, llev\u00f3 a cabo en el Centro de Comercio e Industria, la 11\u00b0 Jornada de Enfermedad Cel\u00edaca en nuestra ciudad.Adem\u00e1s de los stands con productos, hubo recetas y cocina dulce y salada a cargo de Malvina Gulden, sumado a una charla del Dr. Guillermo Brambilla sobre \u201cActualizaci\u00f3n en celiaqu\u00eda y manejo de la dieta\u201d y extracci\u00f3n de sangre y determinaci\u00f3n de anticuerpos por parte del personal del laboratorio del Hospital de San Pedro.<\/p>\n\n\n\n<p>Recordemos que la celiaqu\u00eda est\u00e1 producida por una intolerancia permanente al gluten, conjunto de prote\u00ednas presentes en el trigo, avena, cebada y centeno (TACC) y productos derivados de estos cereales.Auspici\u00f3 esta jornada la Cooperadora del Hospital de San Pedro, CICOP y el Colegio Farmac\u00e9utico. <\/p>\n\n\n\n<figure class=\"wp-block-image\"><img decoding=\"async\" width=\"1024\" height=\"714\" data-attachment-id=\"52547\" data-permalink=\"https:\/\/eldiariodesanpedro.com.ar\/sitio\/11-jornada-de-enfermedad-celiaca\/b-min\/\" data-orig-file=\"https:\/\/eldiariodesanpedro.com.ar\/sitio\/wp-content\/uploads\/2019\/05\/b-min.jpg\" data-orig-size=\"4568,3184\" data-comments-opened=\"1\" data-image-meta=\"{&quot;aperture&quot;:&quot;0&quot;,&quot;credit&quot;:&quot;&quot;,&quot;camera&quot;:&quot;&quot;,&quot;caption&quot;:&quot;&quot;,&quot;created_timestamp&quot;:&quot;0&quot;,&quot;copyright&quot;:&quot;&quot;,&quot;focal_length&quot;:&quot;0&quot;,&quot;iso&quot;:&quot;0&quot;,&quot;shutter_speed&quot;:&quot;0&quot;,&quot;title&quot;:&quot;&quot;,&quot;orientation&quot;:&quot;0&quot;}\" data-image-title=\"b-min\" data-image-description=\"\" data-image-caption=\"\" data-large-file=\"https:\/\/eldiariodesanpedro.com.ar\/sitio\/wp-content\/uploads\/2019\/05\/b-min-1024x714.jpg\" data-src=\"https:\/\/eldiariodesanpedro.com.ar\/sitio\/wp-content\/uploads\/2019\/05\/b-min-1024x714.jpg\" alt=\"\" class=\"wp-image-52547 lazyload\" data-srcset=\"https:\/\/eldiariodesanpedro.com.ar\/sitio\/wp-content\/uploads\/2019\/05\/b-min-1024x714.jpg 1024w, https:\/\/eldiariodesanpedro.com.ar\/sitio\/wp-content\/uploads\/2019\/05\/b-min-300x209.jpg 300w, https:\/\/eldiariodesanpedro.com.ar\/sitio\/wp-content\/uploads\/2019\/05\/b-min-768x535.jpg 768w, https:\/\/eldiariodesanpedro.com.ar\/sitio\/wp-content\/uploads\/2019\/05\/b-min-392x272.jpg 392w, https:\/\/eldiariodesanpedro.com.ar\/sitio\/wp-content\/uploads\/2019\/05\/b-min-130x90.jpg 130w\" data-sizes=\"(max-width: 1024px) 100vw, 1024px\" src=\"data:image\/svg+xml;base64,PHN2ZyB3aWR0aD0iMSIgaGVpZ2h0PSIxIiB4bWxucz0iaHR0cDovL3d3dy53My5vcmcvMjAwMC9zdmciPjwvc3ZnPg==\" style=\"--smush-placeholder-width: 1024px; --smush-placeholder-aspect-ratio: 1024\/714;\" \/><\/figure>\n","protected":false},"excerpt":{"rendered":"<p>La Municipalidad de San Pedro, a trav\u00e9s de la Secretar\u00eda de Salud, llev\u00f3 a cabo en el Centro de Comercio e Industria, la 11\u00b0 Jornada de Enfermedad Cel\u00edaca en nuestra ciudad.Adem\u00e1s de los stands con productos, hubo recetas y cocina dulce y salada a cargo de Malvina Gulden, sumado a una charla del Dr. Guillermo [&hellip;]<\/p>\n","protected":false},"author":4,"featured_media":52548,"comment_status":"open","ping_status":"closed","sticky":false,"template":"","format":"standard","meta":{"om_disable_all_campaigns":false,"_jetpack_memberships_contains_paid_content":false,"footnotes":""},"categories":[101,2],"tags":[],"class_list":["post-52546","post","type-post","status-publish","format-standard","has-post-thumbnail","hentry","category-interes-general-locales","category-locales"],"aioseo_notices":[],"gutentor_comment":0,"jetpack_featured_media_url":"https:\/\/eldiariodesanpedro.com.ar\/sitio\/wp-content\/uploads\/2019\/05\/c-min.jpg","jetpack_shortlink":"https:\/\/wp.me\/p6RhLt-dFw","jetpack_sharing_enabled":true,"_links":{"self":[{"href":"https:\/\/eldiariodesanpedro.com.ar\/sitio\/wp-json\/wp\/v2\/posts\/52546","targetHints":{"allow":["GET"]}}],"collection":[{"href":"https:\/\/eldiariodesanpedro.com.ar\/sitio\/wp-json\/wp\/v2\/posts"}],"about":[{"href":"https:\/\/eldiariodesanpedro.com.ar\/sitio\/wp-json\/wp\/v2\/types\/post"}],"author":[{"embeddable":true,"href":"https:\/\/eldiariodesanpedro.com.ar\/sitio\/wp-json\/wp\/v2\/users\/4"}],"replies":[{"embeddable":true,"href":"https:\/\/eldiariodesanpedro.com.ar\/sitio\/wp-json\/wp\/v2\/comments?post=52546"}],"version-history":[{"count":1,"href":"https:\/\/eldiariodesanpedro.com.ar\/sitio\/wp-json\/wp\/v2\/posts\/52546\/revisions"}],"predecessor-version":[{"id":52549,"href":"https:\/\/eldiariodesanpedro.com.ar\/sitio\/wp-json\/wp\/v2\/posts\/52546\/revisions\/52549"}],"wp:featuredmedia":[{"embeddable":true,"href":"https:\/\/eldiariodesanpedro.com.ar\/sitio\/wp-json\/wp\/v2\/media\/52548"}],"wp:attachment":[{"href":"https:\/\/eldiariodesanpedro.com.ar\/sitio\/wp-json\/wp\/v2\/media?parent=52546"}],"wp:term":[{"taxonomy":"category","embeddable":true,"href":"https:\/\/eldiariodesanpedro.com.ar\/sitio\/wp-json\/wp\/v2\/categories?post=52546"},{"taxonomy":"post_tag","embeddable":true,"href":"https:\/\/eldiariodesanpedro.com.ar\/sitio\/wp-json\/wp\/v2\/tags?post=52546"}],"curies":[{"name":"wp","href":"https:\/\/api.w.org\/{rel}","templated":true}]}}