{"id":52542,"date":"2019-05-12T17:58:53","date_gmt":"2019-05-12T20:58:53","guid":{"rendered":"https:\/\/eldiariodesanpedro.com.ar\/sitio\/?p=52542"},"modified":"2019-05-12T17:58:59","modified_gmt":"2019-05-12T20:58:59","slug":"charla-y-muestra-artistica-de-seguridad-vial","status":"publish","type":"post","link":"https:\/\/eldiariodesanpedro.com.ar\/sitio\/charla-y-muestra-artistica-de-seguridad-vial\/","title":{"rendered":"Charla y muestra art\u00edstica de seguridad vial"},"content":{"rendered":"<!-- VideographyWP Plugin Message: Automatic video embedding prevented by plugin options. -->\n\n<p>Se realiz\u00f3 en el Centro Cultural Abelardo Castillo, una disertaci\u00f3n relacionada con la seguridad vial a cargo del Dr. Juan Pablo Troncoso, integrante del equipo de Capacitaci\u00f3n de la Agencia Nacional de Seguridad Vial. Se repasaron medidas para evitar accidentes de tr\u00e1nsito y las consecuencias de la imprudencia al volante o del peat\u00f3n.<\/p>\n\n\n\n<p>Todo esto, se suma a una muestra de Humor Gr\u00e1fico sobre seguridad vial denominada \u00abBajemos un Cambio\u00bb creada por el Dr. Hugo Quintana, Secretario General de la Asociaci\u00f3n del Personal de los Organismos de Control. Se montaron dentro del propio Centro Cultural, simuladores de manejo y gafas simulando alcoholemia.Hoy de 16 a 20 hs una nueva jornada de la muestra y de las pruebas de manejo. <\/p>\n\n\n\n<figure class=\"wp-block-image\"><img decoding=\"async\" width=\"1024\" height=\"576\" data-attachment-id=\"52543\" data-permalink=\"https:\/\/eldiariodesanpedro.com.ar\/sitio\/charla-y-muestra-artistica-de-seguridad-vial\/1-min-3\/\" data-orig-file=\"https:\/\/eldiariodesanpedro.com.ar\/sitio\/wp-content\/uploads\/2019\/05\/1-min-3.jpg\" data-orig-size=\"5664,3184\" data-comments-opened=\"1\" data-image-meta=\"{&quot;aperture&quot;:&quot;0&quot;,&quot;credit&quot;:&quot;&quot;,&quot;camera&quot;:&quot;&quot;,&quot;caption&quot;:&quot;&quot;,&quot;created_timestamp&quot;:&quot;0&quot;,&quot;copyright&quot;:&quot;&quot;,&quot;focal_length&quot;:&quot;0&quot;,&quot;iso&quot;:&quot;0&quot;,&quot;shutter_speed&quot;:&quot;0&quot;,&quot;title&quot;:&quot;&quot;,&quot;orientation&quot;:&quot;0&quot;}\" data-image-title=\"1-min (3)\" data-image-description=\"\" data-image-caption=\"\" data-large-file=\"https:\/\/eldiariodesanpedro.com.ar\/sitio\/wp-content\/uploads\/2019\/05\/1-min-3-1024x576.jpg\" data-src=\"https:\/\/eldiariodesanpedro.com.ar\/sitio\/wp-content\/uploads\/2019\/05\/1-min-3-1024x576.jpg\" alt=\"\" class=\"wp-image-52543 lazyload\" data-srcset=\"https:\/\/eldiariodesanpedro.com.ar\/sitio\/wp-content\/uploads\/2019\/05\/1-min-3-1024x576.jpg 1024w, https:\/\/eldiariodesanpedro.com.ar\/sitio\/wp-content\/uploads\/2019\/05\/1-min-3-300x169.jpg 300w, https:\/\/eldiariodesanpedro.com.ar\/sitio\/wp-content\/uploads\/2019\/05\/1-min-3-768x432.jpg 768w\" data-sizes=\"(max-width: 1024px) 100vw, 1024px\" src=\"data:image\/svg+xml;base64,PHN2ZyB3aWR0aD0iMSIgaGVpZ2h0PSIxIiB4bWxucz0iaHR0cDovL3d3dy53My5vcmcvMjAwMC9zdmciPjwvc3ZnPg==\" style=\"--smush-placeholder-width: 1024px; --smush-placeholder-aspect-ratio: 1024\/576;\" \/><\/figure>\n","protected":false},"excerpt":{"rendered":"<p>Se realiz\u00f3 en el Centro Cultural Abelardo Castillo, una disertaci\u00f3n relacionada con la seguridad vial a cargo del Dr. Juan Pablo Troncoso, integrante del equipo de Capacitaci\u00f3n de la Agencia Nacional de Seguridad Vial. Se repasaron medidas para evitar accidentes de tr\u00e1nsito y las consecuencias de la imprudencia al volante o del peat\u00f3n. Todo esto, [&hellip;]<\/p>\n","protected":false},"author":4,"featured_media":52544,"comment_status":"open","ping_status":"closed","sticky":false,"template":"","format":"standard","meta":{"om_disable_all_campaigns":false,"_jetpack_memberships_contains_paid_content":false,"footnotes":""},"categories":[101,2],"tags":[],"class_list":["post-52542","post","type-post","status-publish","format-standard","has-post-thumbnail","hentry","category-interes-general-locales","category-locales"],"aioseo_notices":[],"gutentor_comment":0,"jetpack_featured_media_url":"https:\/\/eldiariodesanpedro.com.ar\/sitio\/wp-content\/uploads\/2019\/05\/6-min.jpg","jetpack_shortlink":"https:\/\/wp.me\/p6RhLt-dFs","jetpack_sharing_enabled":true,"_links":{"self":[{"href":"https:\/\/eldiariodesanpedro.com.ar\/sitio\/wp-json\/wp\/v2\/posts\/52542","targetHints":{"allow":["GET"]}}],"collection":[{"href":"https:\/\/eldiariodesanpedro.com.ar\/sitio\/wp-json\/wp\/v2\/posts"}],"about":[{"href":"https:\/\/eldiariodesanpedro.com.ar\/sitio\/wp-json\/wp\/v2\/types\/post"}],"author":[{"embeddable":true,"href":"https:\/\/eldiariodesanpedro.com.ar\/sitio\/wp-json\/wp\/v2\/users\/4"}],"replies":[{"embeddable":true,"href":"https:\/\/eldiariodesanpedro.com.ar\/sitio\/wp-json\/wp\/v2\/comments?post=52542"}],"version-history":[{"count":1,"href":"https:\/\/eldiariodesanpedro.com.ar\/sitio\/wp-json\/wp\/v2\/posts\/52542\/revisions"}],"predecessor-version":[{"id":52545,"href":"https:\/\/eldiariodesanpedro.com.ar\/sitio\/wp-json\/wp\/v2\/posts\/52542\/revisions\/52545"}],"wp:featuredmedia":[{"embeddable":true,"href":"https:\/\/eldiariodesanpedro.com.ar\/sitio\/wp-json\/wp\/v2\/media\/52544"}],"wp:attachment":[{"href":"https:\/\/eldiariodesanpedro.com.ar\/sitio\/wp-json\/wp\/v2\/media?parent=52542"}],"wp:term":[{"taxonomy":"category","embeddable":true,"href":"https:\/\/eldiariodesanpedro.com.ar\/sitio\/wp-json\/wp\/v2\/categories?post=52542"},{"taxonomy":"post_tag","embeddable":true,"href":"https:\/\/eldiariodesanpedro.com.ar\/sitio\/wp-json\/wp\/v2\/tags?post=52542"}],"curies":[{"name":"wp","href":"https:\/\/api.w.org\/{rel}","templated":true}]}}