{"id":52540,"date":"2019-05-11T11:58:15","date_gmt":"2019-05-11T14:58:15","guid":{"rendered":"https:\/\/eldiariodesanpedro.com.ar\/sitio\/?p=52540"},"modified":"2019-05-11T11:58:21","modified_gmt":"2019-05-11T14:58:21","slug":"un-nuevo-hecho-de-amenaza-de-muerte","status":"publish","type":"post","link":"https:\/\/eldiariodesanpedro.com.ar\/sitio\/un-nuevo-hecho-de-amenaza-de-muerte\/","title":{"rendered":"Un nuevo hecho de amenaza de muerte"},"content":{"rendered":"<!-- VideographyWP Plugin Message: Automatic video embedding prevented by plugin options. -->\n\n<p>El agresor se presento en la vivienda de su ex cu\u00f1ada. Manifest\u00f3 amenazas hacia ella y los residentes. Fue aprehendido.<\/p>\n\n\n\n<p>El hecho ocurri\u00f3 por la ma\u00f1ana de este sabado, personal policial tras ser alertado acudi\u00f3 a una vivienda ubicada en calle French al 249.<\/p>\n\n\n\n<p>All\u00ed logran aprehender a un sujeto de 40 a\u00f1os de edad, quien se encontraba profiriendo amenazas de muerte hacia la moradora, una femenina de 35, resultando ser la ex cu\u00f1ada, y ademas a las personas que tambi\u00e9n se encontraban acompa\u00f1\u00e1ndola.<\/p>\n\n\n\n<p>El aprehendido es trasladado a la comisaria local a la espera de la fiscalia en turno.<\/p>\n","protected":false},"excerpt":{"rendered":"<p>El agresor se presento en la vivienda de su ex cu\u00f1ada. Manifest\u00f3 amenazas hacia ella y los residentes. Fue aprehendido. El hecho ocurri\u00f3 por la ma\u00f1ana de este sabado, personal policial tras ser alertado acudi\u00f3 a una vivienda ubicada en calle French al 249. All\u00ed logran aprehender a un sujeto de 40 a\u00f1os de edad, [&hellip;]<\/p>\n","protected":false},"author":4,"featured_media":30195,"comment_status":"open","ping_status":"closed","sticky":false,"template":"","format":"standard","meta":{"om_disable_all_campaigns":false,"_jetpack_memberships_contains_paid_content":false,"footnotes":""},"categories":[2,103],"tags":[],"class_list":["post-52540","post","type-post","status-publish","format-standard","has-post-thumbnail","hentry","category-locales","category-policiales-locales"],"aioseo_notices":[],"gutentor_comment":0,"jetpack_featured_media_url":"https:\/\/eldiariodesanpedro.com.ar\/sitio\/wp-content\/uploads\/2018\/03\/Aprehendido-y-ofuscado.jpg","jetpack_shortlink":"https:\/\/wp.me\/p6RhLt-dFq","jetpack_sharing_enabled":true,"_links":{"self":[{"href":"https:\/\/eldiariodesanpedro.com.ar\/sitio\/wp-json\/wp\/v2\/posts\/52540","targetHints":{"allow":["GET"]}}],"collection":[{"href":"https:\/\/eldiariodesanpedro.com.ar\/sitio\/wp-json\/wp\/v2\/posts"}],"about":[{"href":"https:\/\/eldiariodesanpedro.com.ar\/sitio\/wp-json\/wp\/v2\/types\/post"}],"author":[{"embeddable":true,"href":"https:\/\/eldiariodesanpedro.com.ar\/sitio\/wp-json\/wp\/v2\/users\/4"}],"replies":[{"embeddable":true,"href":"https:\/\/eldiariodesanpedro.com.ar\/sitio\/wp-json\/wp\/v2\/comments?post=52540"}],"version-history":[{"count":1,"href":"https:\/\/eldiariodesanpedro.com.ar\/sitio\/wp-json\/wp\/v2\/posts\/52540\/revisions"}],"predecessor-version":[{"id":52541,"href":"https:\/\/eldiariodesanpedro.com.ar\/sitio\/wp-json\/wp\/v2\/posts\/52540\/revisions\/52541"}],"wp:featuredmedia":[{"embeddable":true,"href":"https:\/\/eldiariodesanpedro.com.ar\/sitio\/wp-json\/wp\/v2\/media\/30195"}],"wp:attachment":[{"href":"https:\/\/eldiariodesanpedro.com.ar\/sitio\/wp-json\/wp\/v2\/media?parent=52540"}],"wp:term":[{"taxonomy":"category","embeddable":true,"href":"https:\/\/eldiariodesanpedro.com.ar\/sitio\/wp-json\/wp\/v2\/categories?post=52540"},{"taxonomy":"post_tag","embeddable":true,"href":"https:\/\/eldiariodesanpedro.com.ar\/sitio\/wp-json\/wp\/v2\/tags?post=52540"}],"curies":[{"name":"wp","href":"https:\/\/api.w.org\/{rel}","templated":true}]}}