{"id":52538,"date":"2019-05-11T11:17:59","date_gmt":"2019-05-11T14:17:59","guid":{"rendered":"https:\/\/eldiariodesanpedro.com.ar\/sitio\/?p=52538"},"modified":"2019-05-11T11:18:06","modified_gmt":"2019-05-11T14:18:06","slug":"clausuraron-una-gomeria","status":"publish","type":"post","link":"https:\/\/eldiariodesanpedro.com.ar\/sitio\/clausuraron-una-gomeria\/","title":{"rendered":"Clausuraron una Gomeria"},"content":{"rendered":"<!-- VideographyWP Plugin Message: Automatic video embedding prevented by plugin options. -->\n\n<p>El hecho sucedi\u00f3 este viernes alrededor de las 14 horas cuando el personal de Gabinete Criminologico en conjunto con personal de Inspecci\u00f3n  procedieron a labrar el acta de infracci\u00f3n a la Ley  N\u00ba 13081.<\/p>\n\n\n\n<p>As\u00ed fue como en en taller que funciona como Gomeria sita en calle 11 de Septiembre al 2100, de raz\u00f3n social \u00abCompra Venta Romero\u00bb, se constato el faltante del libro del control correspondiente, como as\u00ed tambi\u00e9n la habilitaci\u00f3n municipal.<\/p>\n\n\n\n<p>El personal que se encontraba en el lugar trabajando en el operativo procedi\u00f3 a labrar el acta de infracci\u00f3n a la Ley 13081 y a la clausura del mismo con intervenci\u00f3n del Juzgado de Paz Local.<\/p>\n","protected":false},"excerpt":{"rendered":"<p>El hecho sucedi\u00f3 este viernes alrededor de las 14 horas cuando el personal de Gabinete Criminologico en conjunto con personal de Inspecci\u00f3n procedieron a labrar el acta de infracci\u00f3n a la Ley N\u00ba 13081. As\u00ed fue como en en taller que funciona como Gomeria sita en calle 11 de Septiembre al 2100, de raz\u00f3n social [&hellip;]<\/p>\n","protected":false},"author":4,"featured_media":50734,"comment_status":"open","ping_status":"closed","sticky":false,"template":"","format":"standard","meta":{"om_disable_all_campaigns":false,"_jetpack_memberships_contains_paid_content":false,"footnotes":""},"categories":[2,103],"tags":[],"class_list":["post-52538","post","type-post","status-publish","format-standard","has-post-thumbnail","hentry","category-locales","category-policiales-locales"],"aioseo_notices":[],"gutentor_comment":0,"jetpack_featured_media_url":"https:\/\/eldiariodesanpedro.com.ar\/sitio\/wp-content\/uploads\/2019\/04\/clausura.jpg","jetpack_shortlink":"https:\/\/wp.me\/p6RhLt-dFo","jetpack_sharing_enabled":true,"_links":{"self":[{"href":"https:\/\/eldiariodesanpedro.com.ar\/sitio\/wp-json\/wp\/v2\/posts\/52538","targetHints":{"allow":["GET"]}}],"collection":[{"href":"https:\/\/eldiariodesanpedro.com.ar\/sitio\/wp-json\/wp\/v2\/posts"}],"about":[{"href":"https:\/\/eldiariodesanpedro.com.ar\/sitio\/wp-json\/wp\/v2\/types\/post"}],"author":[{"embeddable":true,"href":"https:\/\/eldiariodesanpedro.com.ar\/sitio\/wp-json\/wp\/v2\/users\/4"}],"replies":[{"embeddable":true,"href":"https:\/\/eldiariodesanpedro.com.ar\/sitio\/wp-json\/wp\/v2\/comments?post=52538"}],"version-history":[{"count":1,"href":"https:\/\/eldiariodesanpedro.com.ar\/sitio\/wp-json\/wp\/v2\/posts\/52538\/revisions"}],"predecessor-version":[{"id":52539,"href":"https:\/\/eldiariodesanpedro.com.ar\/sitio\/wp-json\/wp\/v2\/posts\/52538\/revisions\/52539"}],"wp:featuredmedia":[{"embeddable":true,"href":"https:\/\/eldiariodesanpedro.com.ar\/sitio\/wp-json\/wp\/v2\/media\/50734"}],"wp:attachment":[{"href":"https:\/\/eldiariodesanpedro.com.ar\/sitio\/wp-json\/wp\/v2\/media?parent=52538"}],"wp:term":[{"taxonomy":"category","embeddable":true,"href":"https:\/\/eldiariodesanpedro.com.ar\/sitio\/wp-json\/wp\/v2\/categories?post=52538"},{"taxonomy":"post_tag","embeddable":true,"href":"https:\/\/eldiariodesanpedro.com.ar\/sitio\/wp-json\/wp\/v2\/tags?post=52538"}],"curies":[{"name":"wp","href":"https:\/\/api.w.org\/{rel}","templated":true}]}}