{"id":52532,"date":"2019-05-11T10:55:59","date_gmt":"2019-05-11T13:55:59","guid":{"rendered":"https:\/\/eldiariodesanpedro.com.ar\/sitio\/?p=52532"},"modified":"2019-05-11T10:56:10","modified_gmt":"2019-05-11T13:56:10","slug":"la-autopista-pilar-pergamino-no-se-detiene","status":"publish","type":"post","link":"https:\/\/eldiariodesanpedro.com.ar\/sitio\/la-autopista-pilar-pergamino-no-se-detiene\/","title":{"rendered":"La Autopista Pilar &#8211; Pergamino no se detiene"},"content":{"rendered":"<!-- VideographyWP Plugin Message: Automatic video embedding prevented by plugin options. -->\n\n<p> La construcci\u00f3n de la autopista Pilar-Pergamino avanza en sus distintos tramos.<\/p>\n\n\n\n<p>Actualmente en el sector de Ruta Nacional N\u00b08 a la altura del puente sobre el r\u00edo Arrecifes, con la participaci\u00f3n de dos gr\u00faas, se est\u00e1 llevando a cabo la colocaci\u00f3n de 5 vigas de 80 toneladas cada una.<\/p>\n\n\n\n<p>La construcci\u00f3n no se detiene y el gobierno de la provincia de Buenos Aires tiene programado en pocos meses inaugurar el tramo San Antonio de Areco &#8211; Arrecifes.<\/p>\n\n\n\n<p>FUENTE: ARRECIFES DIGITAL<\/p>\n","protected":false},"excerpt":{"rendered":"<p>La construcci\u00f3n de la autopista Pilar-Pergamino avanza en sus distintos tramos. Actualmente en el sector de Ruta Nacional N\u00b08 a la altura del puente sobre el r\u00edo Arrecifes, con la participaci\u00f3n de dos gr\u00faas, se est\u00e1 llevando a cabo la colocaci\u00f3n de 5 vigas de 80 toneladas cada una. La construcci\u00f3n no se detiene y [&hellip;]<\/p>\n","protected":false},"author":4,"featured_media":52533,"comment_status":"open","ping_status":"closed","sticky":false,"template":"","format":"standard","meta":{"om_disable_all_campaigns":false,"_jetpack_memberships_contains_paid_content":false,"footnotes":""},"categories":[621],"tags":[],"class_list":["post-52532","post","type-post","status-publish","format-standard","has-post-thumbnail","hentry","category-regionales"],"aioseo_notices":[],"gutentor_comment":0,"jetpack_featured_media_url":"https:\/\/eldiariodesanpedro.com.ar\/sitio\/wp-content\/uploads\/2019\/05\/59862904_2384162294968378_3572132005254529024_n.jpg","jetpack_shortlink":"https:\/\/wp.me\/p6RhLt-dFi","jetpack_sharing_enabled":true,"_links":{"self":[{"href":"https:\/\/eldiariodesanpedro.com.ar\/sitio\/wp-json\/wp\/v2\/posts\/52532","targetHints":{"allow":["GET"]}}],"collection":[{"href":"https:\/\/eldiariodesanpedro.com.ar\/sitio\/wp-json\/wp\/v2\/posts"}],"about":[{"href":"https:\/\/eldiariodesanpedro.com.ar\/sitio\/wp-json\/wp\/v2\/types\/post"}],"author":[{"embeddable":true,"href":"https:\/\/eldiariodesanpedro.com.ar\/sitio\/wp-json\/wp\/v2\/users\/4"}],"replies":[{"embeddable":true,"href":"https:\/\/eldiariodesanpedro.com.ar\/sitio\/wp-json\/wp\/v2\/comments?post=52532"}],"version-history":[{"count":1,"href":"https:\/\/eldiariodesanpedro.com.ar\/sitio\/wp-json\/wp\/v2\/posts\/52532\/revisions"}],"predecessor-version":[{"id":52534,"href":"https:\/\/eldiariodesanpedro.com.ar\/sitio\/wp-json\/wp\/v2\/posts\/52532\/revisions\/52534"}],"wp:featuredmedia":[{"embeddable":true,"href":"https:\/\/eldiariodesanpedro.com.ar\/sitio\/wp-json\/wp\/v2\/media\/52533"}],"wp:attachment":[{"href":"https:\/\/eldiariodesanpedro.com.ar\/sitio\/wp-json\/wp\/v2\/media?parent=52532"}],"wp:term":[{"taxonomy":"category","embeddable":true,"href":"https:\/\/eldiariodesanpedro.com.ar\/sitio\/wp-json\/wp\/v2\/categories?post=52532"},{"taxonomy":"post_tag","embeddable":true,"href":"https:\/\/eldiariodesanpedro.com.ar\/sitio\/wp-json\/wp\/v2\/tags?post=52532"}],"curies":[{"name":"wp","href":"https:\/\/api.w.org\/{rel}","templated":true}]}}