{"id":52529,"date":"2019-05-11T10:38:51","date_gmt":"2019-05-11T13:38:51","guid":{"rendered":"https:\/\/eldiariodesanpedro.com.ar\/sitio\/?p=52529"},"modified":"2019-05-11T10:39:04","modified_gmt":"2019-05-11T13:39:04","slug":"robaron-una-bicicleta-del-club-la-esperanza","status":"publish","type":"post","link":"https:\/\/eldiariodesanpedro.com.ar\/sitio\/robaron-una-bicicleta-del-club-la-esperanza\/","title":{"rendered":"Robaron una bicicleta del Club La Esperanza"},"content":{"rendered":"<!-- VideographyWP Plugin Message: Automatic video embedding prevented by plugin options. -->\n\n<p> El hecho sucedi\u00f3 en la noche del viernes, delincuentes ignorados lograron sustraer el rodado del lado de las canchas y emprendieron r\u00e1pidamente a la fuga.<\/p>\n\n\n\n<p>La bicicleta marca Kawasaki, color blanca,  se encontraba atada junto a otro rodado similar en el Club La Esperanza, su propietario la dejo para dirigirse  hacer su practica de f\u00fatbol.<\/p>\n\n\n\n<p>Al egresar constato el faltante del mismo.<\/p>\n\n\n\n<p>V\u00eda facebook enviaron al Diario de San Pedro, la imagen de la bicicleta para difundir  y dejan un numero de tel\u00e9fono  para cualquier informaci\u00f3n 3329467023. <\/p>\n\n\n\n<p>Intervino la Fiscalia N\u00ba5 a cargo del Dr Manso.<\/p>\n","protected":false},"excerpt":{"rendered":"<p>El hecho sucedi\u00f3 en la noche del viernes, delincuentes ignorados lograron sustraer el rodado del lado de las canchas y emprendieron r\u00e1pidamente a la fuga. La bicicleta marca Kawasaki, color blanca, se encontraba atada junto a otro rodado similar en el Club La Esperanza, su propietario la dejo para dirigirse hacer su practica de f\u00fatbol. [&hellip;]<\/p>\n","protected":false},"author":4,"featured_media":52530,"comment_status":"open","ping_status":"closed","sticky":false,"template":"","format":"standard","meta":{"om_disable_all_campaigns":false,"_jetpack_memberships_contains_paid_content":false,"footnotes":""},"categories":[2,103],"tags":[],"class_list":["post-52529","post","type-post","status-publish","format-standard","has-post-thumbnail","hentry","category-locales","category-policiales-locales"],"aioseo_notices":[],"gutentor_comment":0,"jetpack_featured_media_url":"https:\/\/eldiariodesanpedro.com.ar\/sitio\/wp-content\/uploads\/2019\/05\/59799450_433623780705353_3944545995265671168_n.jpg","jetpack_shortlink":"https:\/\/wp.me\/p6RhLt-dFf","jetpack_sharing_enabled":true,"_links":{"self":[{"href":"https:\/\/eldiariodesanpedro.com.ar\/sitio\/wp-json\/wp\/v2\/posts\/52529","targetHints":{"allow":["GET"]}}],"collection":[{"href":"https:\/\/eldiariodesanpedro.com.ar\/sitio\/wp-json\/wp\/v2\/posts"}],"about":[{"href":"https:\/\/eldiariodesanpedro.com.ar\/sitio\/wp-json\/wp\/v2\/types\/post"}],"author":[{"embeddable":true,"href":"https:\/\/eldiariodesanpedro.com.ar\/sitio\/wp-json\/wp\/v2\/users\/4"}],"replies":[{"embeddable":true,"href":"https:\/\/eldiariodesanpedro.com.ar\/sitio\/wp-json\/wp\/v2\/comments?post=52529"}],"version-history":[{"count":1,"href":"https:\/\/eldiariodesanpedro.com.ar\/sitio\/wp-json\/wp\/v2\/posts\/52529\/revisions"}],"predecessor-version":[{"id":52531,"href":"https:\/\/eldiariodesanpedro.com.ar\/sitio\/wp-json\/wp\/v2\/posts\/52529\/revisions\/52531"}],"wp:featuredmedia":[{"embeddable":true,"href":"https:\/\/eldiariodesanpedro.com.ar\/sitio\/wp-json\/wp\/v2\/media\/52530"}],"wp:attachment":[{"href":"https:\/\/eldiariodesanpedro.com.ar\/sitio\/wp-json\/wp\/v2\/media?parent=52529"}],"wp:term":[{"taxonomy":"category","embeddable":true,"href":"https:\/\/eldiariodesanpedro.com.ar\/sitio\/wp-json\/wp\/v2\/categories?post=52529"},{"taxonomy":"post_tag","embeddable":true,"href":"https:\/\/eldiariodesanpedro.com.ar\/sitio\/wp-json\/wp\/v2\/tags?post=52529"}],"curies":[{"name":"wp","href":"https:\/\/api.w.org\/{rel}","templated":true}]}}