{"id":52526,"date":"2019-05-11T10:13:49","date_gmt":"2019-05-11T13:13:49","guid":{"rendered":"https:\/\/eldiariodesanpedro.com.ar\/sitio\/?p=52526"},"modified":"2019-05-11T10:13:59","modified_gmt":"2019-05-11T13:13:59","slug":"dia-del-himno-lo-interpretaran-con-lenguajes-de-senas","status":"publish","type":"post","link":"https:\/\/eldiariodesanpedro.com.ar\/sitio\/dia-del-himno-lo-interpretaran-con-lenguajes-de-senas\/","title":{"rendered":"D\u00eda del Himno: Lo interpretaran con Lenguajes de se\u00f1as"},"content":{"rendered":"<!-- VideographyWP Plugin Message: Automatic video embedding prevented by plugin options. -->\n\n<p>El evento se realizara este tarde, a partir de las 18 horas, en el nuevo Centro Cultural \u00abAbelardo Castillo\u00bb.<\/p>\n\n\n\n<p>El grupo del taller de lenguaje de se\u00f1as dirigido por Andrea Lopardo y Lucrecia Panizza, llevar\u00e1 adelante una particular actuaci\u00f3n junto a sus alumnos con motivo de conmemorarse el d\u00eda del Himno Nacional Argentino, interpretar\u00e1n una versi\u00f3n de la canci\u00f3n patria. La presentaci\u00f3n ser\u00e1 este s\u00e1bado, a las 18 horas, con entrada libre y gratuita.\u00a0 <br><\/p>\n\n\n\n<p> <br>Versi\u00f3n original:<\/p>\n\n\n\n<blockquote class=\"wp-block-quote is-style-large is-layout-flow wp-block-quote-is-layout-flow\"><p>\u00a0 Sean eternos los laureles que supimos conseguir: Coronados de gloria vivamos O juremos con gloria morir. Oid \u00a1mortales! el grito sagrado: \u00a1Libertad, libertad, libertad! Oid el ruido de rotas cadenas: Ved en trono a la noble Igualdad. Se levanta a la faz de la tierra Una nueva y gloriosa Naci\u00f3n: Coronada su sien de laureles Y a su planta rendido un Le\u00f3n. (Coro) De los nuevos campeones los rostros Marte mismo parece animar; La grandeza se anida en sus pechos, A su marcha todo hacen temblar. Se conmueven del Inca las tumbas Y en sus huesos revive el ardor, Lo que ve renovando a sus hijos De la Patria el antiguo esplendor. (Coro) Pero sierras y muros se sienten Retumbar con horrible fragor: Todo el pa\u00eds se conturba con gritos de venganza, de guerra y furor. En los fieros tiranos la envidia Escupi\u00f3 su pest\u00edfera hiel Su estandarte sangriento levantan Provocando a la lid m\u00e1s cruel. (Coro) \u00bfNo los veis sobre M\u00e9jico y Quito Arrojarse con sa\u00f1a tenaz? \u00bfY cual lloran ba\u00f1ados en sangre Potos\u00ed, Cochabamba y la Paz? \u00bfNo los veis sobre el triste Caracas Luto y llanto y muerte esparcir? \u00bfNo los veis devorando cual fieras todo pueblo que logran rendir? (Coro)\u00a0A vosotros se atreve \u00a1Argentinos! El orgullo del vil invasor, Vuestros campos ya pisa contando Tantas glorias hollar vencedor. Mas los bravos que unidos juraron Su feliz libertad sostener. A esos tigres sedientos de sangre Fuertes pechos sabr\u00e1n oponer. (Coro) El valiente argentino a las armas Corre ardiendo con br\u00edo y valor, El clar\u00edn de la guerra cual trueno En los campos del Sud reson\u00f3; Buenos Aires se pone a la frente De los pueblos de la \u00ednclita Uni\u00f3n, Y con brazos robustos desgarran Al ib\u00e9rico altivo Le\u00f3n. (Coro) San Jos\u00e9, San Lorenzo, Suipacha, Ambas Piedras, Salta y Tucum\u00e1n, La Colonia y las mismas murallas Del tirano en la Banda Oriental; Son letreros eternos que dicen: \u00abAqu\u00ed el brazo argentino triunf\u00f3.\u00bb \u00abAqu\u00ed el fiero opresor de la patria Su cerviz orgullosa dobl\u00f3.\u00bb (Coro) La victoria al guerrero argentino Con sus alas brillantes cubri\u00f3, Y azorado a su vista el tirano Con infamia a la fuga se dio; Sus banderas, sus armas se rinden Por trofeos a la Libertad. Y sobre alas de gloria alza el pueblo Trono digno a su gran majestad. (Coro) Desde un polo hasta el otro resuena De la fama el sonoro clar\u00edn. Y de Am\u00e9rica el nombre ense\u00f1ado, Les repite \u00a1mortales! O\u00edd: \u00a1Ya su trono dign\u00edsimo abrieron las Provincias Unidas del Sud! Y los libres del mundo responden: Al gran Pueblo Argentino, Salud !<br><\/p><\/blockquote>\n","protected":false},"excerpt":{"rendered":"<p>El evento se realizara este tarde, a partir de las 18 horas, en el nuevo Centro Cultural \u00abAbelardo Castillo\u00bb. El grupo del taller de lenguaje de se\u00f1as dirigido por Andrea Lopardo y Lucrecia Panizza, llevar\u00e1 adelante una particular actuaci\u00f3n junto a sus alumnos con motivo de conmemorarse el d\u00eda del Himno Nacional Argentino, interpretar\u00e1n una [&hellip;]<\/p>\n","protected":false},"author":4,"featured_media":52527,"comment_status":"open","ping_status":"closed","sticky":false,"template":"","format":"standard","meta":{"om_disable_all_campaigns":false,"_jetpack_memberships_contains_paid_content":false,"footnotes":""},"categories":[50,101,2],"tags":[],"class_list":["post-52526","post","type-post","status-publish","format-standard","has-post-thumbnail","hentry","category-destacadas","category-interes-general-locales","category-locales"],"aioseo_notices":[],"gutentor_comment":0,"jetpack_featured_media_url":"https:\/\/eldiariodesanpedro.com.ar\/sitio\/wp-content\/uploads\/2019\/05\/dia-del-himno-05102018-299149.jpg","jetpack_shortlink":"https:\/\/wp.me\/p6RhLt-dFc","jetpack_sharing_enabled":true,"_links":{"self":[{"href":"https:\/\/eldiariodesanpedro.com.ar\/sitio\/wp-json\/wp\/v2\/posts\/52526","targetHints":{"allow":["GET"]}}],"collection":[{"href":"https:\/\/eldiariodesanpedro.com.ar\/sitio\/wp-json\/wp\/v2\/posts"}],"about":[{"href":"https:\/\/eldiariodesanpedro.com.ar\/sitio\/wp-json\/wp\/v2\/types\/post"}],"author":[{"embeddable":true,"href":"https:\/\/eldiariodesanpedro.com.ar\/sitio\/wp-json\/wp\/v2\/users\/4"}],"replies":[{"embeddable":true,"href":"https:\/\/eldiariodesanpedro.com.ar\/sitio\/wp-json\/wp\/v2\/comments?post=52526"}],"version-history":[{"count":1,"href":"https:\/\/eldiariodesanpedro.com.ar\/sitio\/wp-json\/wp\/v2\/posts\/52526\/revisions"}],"predecessor-version":[{"id":52528,"href":"https:\/\/eldiariodesanpedro.com.ar\/sitio\/wp-json\/wp\/v2\/posts\/52526\/revisions\/52528"}],"wp:featuredmedia":[{"embeddable":true,"href":"https:\/\/eldiariodesanpedro.com.ar\/sitio\/wp-json\/wp\/v2\/media\/52527"}],"wp:attachment":[{"href":"https:\/\/eldiariodesanpedro.com.ar\/sitio\/wp-json\/wp\/v2\/media?parent=52526"}],"wp:term":[{"taxonomy":"category","embeddable":true,"href":"https:\/\/eldiariodesanpedro.com.ar\/sitio\/wp-json\/wp\/v2\/categories?post=52526"},{"taxonomy":"post_tag","embeddable":true,"href":"https:\/\/eldiariodesanpedro.com.ar\/sitio\/wp-json\/wp\/v2\/tags?post=52526"}],"curies":[{"name":"wp","href":"https:\/\/api.w.org\/{rel}","templated":true}]}}