{"id":52522,"date":"2019-05-11T09:38:50","date_gmt":"2019-05-11T12:38:50","guid":{"rendered":"https:\/\/eldiariodesanpedro.com.ar\/sitio\/?p=52522"},"modified":"2019-05-11T09:38:58","modified_gmt":"2019-05-11T12:38:58","slug":"el-tren-sanitario-llega-a-san-pedro","status":"publish","type":"post","link":"https:\/\/eldiariodesanpedro.com.ar\/sitio\/el-tren-sanitario-llega-a-san-pedro\/","title":{"rendered":"El Tren Sanitario llega a San Pedro"},"content":{"rendered":"<!-- VideographyWP Plugin Message: Automatic video embedding prevented by plugin options. -->\n\n<p>Se realiz\u00f3 en el despacho del Intendente Municipal, la reuni\u00f3n previa a la llegada del Tren Sanitario que va a estar brindando su atenci\u00f3n a partir del pr\u00f3ximo lunes y durante toda la semana en nuestra ciudad.<\/p>\n\n\n\n<p>Estuvieron presentes junto al Jefe Comunal, autoridades municipales, provinciales y coordinadores del proyecto. La pr\u00f3xima semana se informar\u00e1 sobre cada una de las actividades y atenci\u00f3n que se van a ofrecer.<\/p>\n\n\n\n<p>Los Trenes de Desarrollo Social y Sanitario pertenecen al Ministerio de Salud y Desarrollo Social de la Naci\u00f3n y recorren gran parte de nuestro pa\u00eds con el objetivo de mejorar la calidad de vida de todos sus habitantes. <\/p>\n\n\n\n<p>Argentina es uno de los 6 pa\u00edses en el mundo que poseen trenes sanitarios pero son los \u00fanicos que combinan los servicios de las \u00e1reas de salud y social. El Tren se transform\u00f3 en una herramienta de contacto con la comunidad que busca reconocer y evaluar la situaci\u00f3n de cada regi\u00f3n.<\/p>\n\n\n\n<p>El \u00fanico requisito para ser atendido en el tren es acercarse presencialmente y presentar el DNI. a la persona que se acerca se le cargan los datos al sistema y se le asigna un turno. Los turnos se reparten de forma individual y por orden de llegada. <\/p>\n\n\n\n<p>El objetivo del tren es articular entre los distintos organismos que participan del mismo para poder brindarle un servicio integral a cada persona que se acerca.All\u00ed se re\u00fanen profesionales de las \u00e1reas de Desarrollo Social, Salud, Educaci\u00f3n, Jefe distrital, Cultura, Deportes, entre otros.<\/p>\n\n\n\n<p>\u00a0El Tren consta de 8 servicios socio-sanitarios a bordo: social, atenci\u00f3n primaria de la salud, odontolog\u00eda, oftalmolog\u00eda, sala de laboratorio \u00f3ptico, salud mental, farmacia y espacio educativo-cultural.<\/p>\n\n\n\n<p>Se ofrecen servicio de diagn\u00f3stico por im\u00e1genes y mamograf\u00edas, enfermer\u00eda, cl\u00ednica m\u00e9dica, pediatr\u00eda, ginecolog\u00eda, laboratorio de an\u00e1lisis cl\u00ednicos y todo el calendario de vacunaci\u00f3n.  <\/p>\n\n\n\n<p>Adem\u00e1s de talleres sobre Educaci\u00f3n Sexual Integral (ESI), violencia de g\u00e9nero, diversidad sexual e identidad, bullying, orientaci\u00f3n e introducci\u00f3n al mundo del trabajo, consumo problem\u00e1tico de sustancias y discapacidad, sumado a charlas de abuso sexual infantil, m\u00e9todos anticonceptivos, adolescencia y sexualidad, entre otros.<\/p>\n\n\n\n<figure class=\"wp-block-image\"><img decoding=\"async\" width=\"1280\" height=\"960\" data-attachment-id=\"52523\" data-permalink=\"https:\/\/eldiariodesanpedro.com.ar\/sitio\/el-tren-sanitario-llega-a-san-pedro\/tren-argentino-1\/\" data-orig-file=\"https:\/\/eldiariodesanpedro.com.ar\/sitio\/wp-content\/uploads\/2019\/05\/tren-argentino-1.jpeg\" data-orig-size=\"1280,960\" data-comments-opened=\"1\" data-image-meta=\"{&quot;aperture&quot;:&quot;0&quot;,&quot;credit&quot;:&quot;&quot;,&quot;camera&quot;:&quot;&quot;,&quot;caption&quot;:&quot;&quot;,&quot;created_timestamp&quot;:&quot;0&quot;,&quot;copyright&quot;:&quot;&quot;,&quot;focal_length&quot;:&quot;0&quot;,&quot;iso&quot;:&quot;0&quot;,&quot;shutter_speed&quot;:&quot;0&quot;,&quot;title&quot;:&quot;&quot;,&quot;orientation&quot;:&quot;0&quot;}\" data-image-title=\"tren argentino 1\" data-image-description=\"\" data-image-caption=\"\" data-large-file=\"https:\/\/eldiariodesanpedro.com.ar\/sitio\/wp-content\/uploads\/2019\/05\/tren-argentino-1-1024x768.jpeg\" data-src=\"https:\/\/i2.wp.com\/eldiariodesanpedro.com.ar\/sitio\/wp-content\/uploads\/2019\/05\/tren-argentino-1.jpeg?fit=660%2C495\" alt=\"\" class=\"wp-image-52523 lazyload\" data-srcset=\"https:\/\/eldiariodesanpedro.com.ar\/sitio\/wp-content\/uploads\/2019\/05\/tren-argentino-1.jpeg 1280w, https:\/\/eldiariodesanpedro.com.ar\/sitio\/wp-content\/uploads\/2019\/05\/tren-argentino-1-300x225.jpeg 300w, https:\/\/eldiariodesanpedro.com.ar\/sitio\/wp-content\/uploads\/2019\/05\/tren-argentino-1-768x576.jpeg 768w, https:\/\/eldiariodesanpedro.com.ar\/sitio\/wp-content\/uploads\/2019\/05\/tren-argentino-1-1024x768.jpeg 1024w\" data-sizes=\"(max-width: 1280px) 100vw, 1280px\" src=\"data:image\/svg+xml;base64,PHN2ZyB3aWR0aD0iMSIgaGVpZ2h0PSIxIiB4bWxucz0iaHR0cDovL3d3dy53My5vcmcvMjAwMC9zdmciPjwvc3ZnPg==\" style=\"--smush-placeholder-width: 1280px; --smush-placeholder-aspect-ratio: 1280\/960;\" \/><\/figure>\n\n\n\n<p><br><\/p>\n","protected":false},"excerpt":{"rendered":"<p>Se realiz\u00f3 en el despacho del Intendente Municipal, la reuni\u00f3n previa a la llegada del Tren Sanitario que va a estar brindando su atenci\u00f3n a partir del pr\u00f3ximo lunes y durante toda la semana en nuestra ciudad. Estuvieron presentes junto al Jefe Comunal, autoridades municipales, provinciales y coordinadores del proyecto. La pr\u00f3xima semana se informar\u00e1 [&hellip;]<\/p>\n","protected":false},"author":4,"featured_media":52524,"comment_status":"open","ping_status":"closed","sticky":false,"template":"","format":"standard","meta":{"om_disable_all_campaigns":false,"_jetpack_memberships_contains_paid_content":false,"footnotes":""},"categories":[50,101,2],"tags":[],"class_list":["post-52522","post","type-post","status-publish","format-standard","has-post-thumbnail","hentry","category-destacadas","category-interes-general-locales","category-locales"],"aioseo_notices":[],"gutentor_comment":0,"jetpack_featured_media_url":"https:\/\/eldiariodesanpedro.com.ar\/sitio\/wp-content\/uploads\/2019\/05\/tren-argentino-1-1.jpeg","jetpack_shortlink":"https:\/\/wp.me\/p6RhLt-dF8","jetpack_sharing_enabled":true,"_links":{"self":[{"href":"https:\/\/eldiariodesanpedro.com.ar\/sitio\/wp-json\/wp\/v2\/posts\/52522","targetHints":{"allow":["GET"]}}],"collection":[{"href":"https:\/\/eldiariodesanpedro.com.ar\/sitio\/wp-json\/wp\/v2\/posts"}],"about":[{"href":"https:\/\/eldiariodesanpedro.com.ar\/sitio\/wp-json\/wp\/v2\/types\/post"}],"author":[{"embeddable":true,"href":"https:\/\/eldiariodesanpedro.com.ar\/sitio\/wp-json\/wp\/v2\/users\/4"}],"replies":[{"embeddable":true,"href":"https:\/\/eldiariodesanpedro.com.ar\/sitio\/wp-json\/wp\/v2\/comments?post=52522"}],"version-history":[{"count":1,"href":"https:\/\/eldiariodesanpedro.com.ar\/sitio\/wp-json\/wp\/v2\/posts\/52522\/revisions"}],"predecessor-version":[{"id":52525,"href":"https:\/\/eldiariodesanpedro.com.ar\/sitio\/wp-json\/wp\/v2\/posts\/52522\/revisions\/52525"}],"wp:featuredmedia":[{"embeddable":true,"href":"https:\/\/eldiariodesanpedro.com.ar\/sitio\/wp-json\/wp\/v2\/media\/52524"}],"wp:attachment":[{"href":"https:\/\/eldiariodesanpedro.com.ar\/sitio\/wp-json\/wp\/v2\/media?parent=52522"}],"wp:term":[{"taxonomy":"category","embeddable":true,"href":"https:\/\/eldiariodesanpedro.com.ar\/sitio\/wp-json\/wp\/v2\/categories?post=52522"},{"taxonomy":"post_tag","embeddable":true,"href":"https:\/\/eldiariodesanpedro.com.ar\/sitio\/wp-json\/wp\/v2\/tags?post=52522"}],"curies":[{"name":"wp","href":"https:\/\/api.w.org\/{rel}","templated":true}]}}