{"id":52517,"date":"2019-05-10T18:01:08","date_gmt":"2019-05-10T21:01:08","guid":{"rendered":"https:\/\/eldiariodesanpedro.com.ar\/sitio\/?p=52517"},"modified":"2019-05-10T18:01:15","modified_gmt":"2019-05-10T21:01:15","slug":"un-auto-despisto-y-cayo-a-una-zanja","status":"publish","type":"post","link":"https:\/\/eldiariodesanpedro.com.ar\/sitio\/un-auto-despisto-y-cayo-a-una-zanja\/","title":{"rendered":"Un auto despist\u00f3 y cay\u00f3 a una zanja"},"content":{"rendered":"<!-- VideographyWP Plugin Message: Automatic video embedding prevented by plugin options. -->\n\n<p>El siniestro ocurri\u00f3 pasadas las 21.30 horas del jueves. El despiste se produjo cuando un autom\u00f3vil marca Peugeot 404 resbal\u00f3 y se sali\u00f3 de la calzada cayendo a los profundos zanjones.<\/p>\n\n\n\n<p> Aconteci\u00f3 en la intersecci\u00f3n del camino que conduce al aeroclub y la calle Estrada de Villa Jard\u00edn.<\/p>\n\n\n\n<p>En ese lugar un Peugeot 404 en el que se trasladaba una familia se sali\u00f3 de la calzada y cay\u00f3 sobre&nbsp;uno de los profundos zanjones que se encuentran sobre el lateral del camino.<\/p>\n\n\n\n<p>No hubo heridos de consideraci\u00f3n pero s\u00ed se traslado a un menor de 5 a\u00f1os por la ambulancia del SAME con heridas leves.<\/p>\n\n\n\n<p>Bomberos Voluntarios se convoc\u00f3 para rescatar a los ocupantes del auto que se hab\u00eda clavado en la zanja.<\/p>\n\n\n\n<p>El auto fue retirado del inc\u00f3modo lugar en el que hab\u00eda quedado por una camioneta que pasaba por el lugar y lo auxili\u00f3 hasta poder sacarlo.&nbsp;&nbsp;<\/p>\n","protected":false},"excerpt":{"rendered":"<p>El siniestro ocurri\u00f3 pasadas las 21.30 horas del jueves. El despiste se produjo cuando un autom\u00f3vil marca Peugeot 404 resbal\u00f3 y se sali\u00f3 de la calzada cayendo a los profundos zanjones. Aconteci\u00f3 en la intersecci\u00f3n del camino que conduce al aeroclub y la calle Estrada de Villa Jard\u00edn. En ese lugar un Peugeot 404 en [&hellip;]<\/p>\n","protected":false},"author":4,"featured_media":52496,"comment_status":"open","ping_status":"closed","sticky":false,"template":"","format":"standard","meta":{"om_disable_all_campaigns":false,"_jetpack_memberships_contains_paid_content":false,"footnotes":""},"categories":[2,103],"tags":[],"class_list":["post-52517","post","type-post","status-publish","format-standard","has-post-thumbnail","hentry","category-locales","category-policiales-locales"],"aioseo_notices":[],"gutentor_comment":1,"jetpack_featured_media_url":"https:\/\/eldiariodesanpedro.com.ar\/sitio\/wp-content\/uploads\/2019\/05\/IMG-20190509-WA0051.jpg","jetpack_shortlink":"https:\/\/wp.me\/p6RhLt-dF3","jetpack_sharing_enabled":true,"_links":{"self":[{"href":"https:\/\/eldiariodesanpedro.com.ar\/sitio\/wp-json\/wp\/v2\/posts\/52517","targetHints":{"allow":["GET"]}}],"collection":[{"href":"https:\/\/eldiariodesanpedro.com.ar\/sitio\/wp-json\/wp\/v2\/posts"}],"about":[{"href":"https:\/\/eldiariodesanpedro.com.ar\/sitio\/wp-json\/wp\/v2\/types\/post"}],"author":[{"embeddable":true,"href":"https:\/\/eldiariodesanpedro.com.ar\/sitio\/wp-json\/wp\/v2\/users\/4"}],"replies":[{"embeddable":true,"href":"https:\/\/eldiariodesanpedro.com.ar\/sitio\/wp-json\/wp\/v2\/comments?post=52517"}],"version-history":[{"count":1,"href":"https:\/\/eldiariodesanpedro.com.ar\/sitio\/wp-json\/wp\/v2\/posts\/52517\/revisions"}],"predecessor-version":[{"id":52518,"href":"https:\/\/eldiariodesanpedro.com.ar\/sitio\/wp-json\/wp\/v2\/posts\/52517\/revisions\/52518"}],"wp:featuredmedia":[{"embeddable":true,"href":"https:\/\/eldiariodesanpedro.com.ar\/sitio\/wp-json\/wp\/v2\/media\/52496"}],"wp:attachment":[{"href":"https:\/\/eldiariodesanpedro.com.ar\/sitio\/wp-json\/wp\/v2\/media?parent=52517"}],"wp:term":[{"taxonomy":"category","embeddable":true,"href":"https:\/\/eldiariodesanpedro.com.ar\/sitio\/wp-json\/wp\/v2\/categories?post=52517"},{"taxonomy":"post_tag","embeddable":true,"href":"https:\/\/eldiariodesanpedro.com.ar\/sitio\/wp-json\/wp\/v2\/tags?post=52517"}],"curies":[{"name":"wp","href":"https:\/\/api.w.org\/{rel}","templated":true}]}}