{"id":52513,"date":"2019-05-10T17:39:09","date_gmt":"2019-05-10T20:39:09","guid":{"rendered":"https:\/\/eldiariodesanpedro.com.ar\/sitio\/?p=52513"},"modified":"2019-05-10T17:39:20","modified_gmt":"2019-05-10T20:39:20","slug":"baradero-encuentran-un-feto-en-el-patio-de-una-vivienda","status":"publish","type":"post","link":"https:\/\/eldiariodesanpedro.com.ar\/sitio\/baradero-encuentran-un-feto-en-el-patio-de-una-vivienda\/","title":{"rendered":"BARADERO: Encuentran un feto en el patio de una vivienda"},"content":{"rendered":"<!-- VideographyWP Plugin Message: Automatic video embedding prevented by plugin options. -->\n\n<p>Este viernes en las primeras horas de la madrugada, alrededor de las 01, la polic\u00eda de la vecina localidad de Baradero toma conocimiento a ra\u00edz de un llamado telef\u00f3nico de un vecino, sobre la existencia de un cuerpo de un bebe (feto), en el domicilio de calle Anastasi 980.<\/p>\n\n\n\n<p>Quien realizo la denuncia telef\u00f3nica refiere que lo tra\u00edan a la rastra consigo unos canes que estaban fuera de su vivienda. <\/p>\n\n\n\n<p>Estuvo trabajando en el lugar polic\u00eda cient\u00edfica de San Nicol\u00e1s, tratando de recabar informaci\u00f3n cient\u00edfica de inter\u00e9s para la causa y de esa manera trata de hallar a su progenitora.  <\/p>\n\n\n\n<p>Se presume que el feto tendr\u00eda alrededor de 7 meses, estaba en una bolsa y envuelto con trapos, se desconoce su procedencia.<\/p>\n\n\n\n<p>As\u00ed mismo el cuerpo se encuentra en la localidad de San Nicol\u00e1s, \u00e1rea pericial donde se le practicaran la operaci\u00f3n de autopsia. Conocimiento e Intervenci\u00f3n UFI Nro. 8 Baradero. <\/p>\n","protected":false},"excerpt":{"rendered":"<p>Este viernes en las primeras horas de la madrugada, alrededor de las 01, la polic\u00eda de la vecina localidad de Baradero toma conocimiento a ra\u00edz de un llamado telef\u00f3nico de un vecino, sobre la existencia de un cuerpo de un bebe (feto), en el domicilio de calle Anastasi 980. Quien realizo la denuncia telef\u00f3nica refiere [&hellip;]<\/p>\n","protected":false},"author":4,"featured_media":52515,"comment_status":"open","ping_status":"closed","sticky":false,"template":"","format":"standard","meta":{"om_disable_all_campaigns":false,"_jetpack_memberships_contains_paid_content":false,"footnotes":""},"categories":[621],"tags":[],"class_list":["post-52513","post","type-post","status-publish","format-standard","has-post-thumbnail","hentry","category-regionales"],"aioseo_notices":[],"gutentor_comment":0,"jetpack_featured_media_url":"https:\/\/eldiariodesanpedro.com.ar\/sitio\/wp-content\/uploads\/2019\/05\/59786701_2036464736663293_2196442521372983296_n_0.jpg","jetpack_shortlink":"https:\/\/wp.me\/p6RhLt-dEZ","jetpack_sharing_enabled":true,"_links":{"self":[{"href":"https:\/\/eldiariodesanpedro.com.ar\/sitio\/wp-json\/wp\/v2\/posts\/52513","targetHints":{"allow":["GET"]}}],"collection":[{"href":"https:\/\/eldiariodesanpedro.com.ar\/sitio\/wp-json\/wp\/v2\/posts"}],"about":[{"href":"https:\/\/eldiariodesanpedro.com.ar\/sitio\/wp-json\/wp\/v2\/types\/post"}],"author":[{"embeddable":true,"href":"https:\/\/eldiariodesanpedro.com.ar\/sitio\/wp-json\/wp\/v2\/users\/4"}],"replies":[{"embeddable":true,"href":"https:\/\/eldiariodesanpedro.com.ar\/sitio\/wp-json\/wp\/v2\/comments?post=52513"}],"version-history":[{"count":1,"href":"https:\/\/eldiariodesanpedro.com.ar\/sitio\/wp-json\/wp\/v2\/posts\/52513\/revisions"}],"predecessor-version":[{"id":52516,"href":"https:\/\/eldiariodesanpedro.com.ar\/sitio\/wp-json\/wp\/v2\/posts\/52513\/revisions\/52516"}],"wp:featuredmedia":[{"embeddable":true,"href":"https:\/\/eldiariodesanpedro.com.ar\/sitio\/wp-json\/wp\/v2\/media\/52515"}],"wp:attachment":[{"href":"https:\/\/eldiariodesanpedro.com.ar\/sitio\/wp-json\/wp\/v2\/media?parent=52513"}],"wp:term":[{"taxonomy":"category","embeddable":true,"href":"https:\/\/eldiariodesanpedro.com.ar\/sitio\/wp-json\/wp\/v2\/categories?post=52513"},{"taxonomy":"post_tag","embeddable":true,"href":"https:\/\/eldiariodesanpedro.com.ar\/sitio\/wp-json\/wp\/v2\/tags?post=52513"}],"curies":[{"name":"wp","href":"https:\/\/api.w.org\/{rel}","templated":true}]}}