{"id":52510,"date":"2019-05-10T17:28:50","date_gmt":"2019-05-10T20:28:50","guid":{"rendered":"https:\/\/eldiariodesanpedro.com.ar\/sitio\/?p=52510"},"modified":"2019-05-10T17:29:02","modified_gmt":"2019-05-10T20:29:02","slug":"campana-una-mujer-y-sus-dos-hijos-resultaron-heridos-tras-un-vuelco-en-la-ruta-6","status":"publish","type":"post","link":"https:\/\/eldiariodesanpedro.com.ar\/sitio\/campana-una-mujer-y-sus-dos-hijos-resultaron-heridos-tras-un-vuelco-en-la-ruta-6\/","title":{"rendered":"CAMPANA: Una mujer y sus dos hijos resultaron heridos tras un vuelco en la Ruta 6"},"content":{"rendered":"<!-- VideographyWP Plugin Message: Automatic video embedding prevented by plugin options. -->\n\n<p>Al parecer, fueron encerrados por otro veh\u00edculo. Vecinos los ayudaron a salir del rodado, y luego personal del SAME les brind\u00f3 asistencia. Terminaron en el Hospital, con lesiones diversas. <\/p>\n\n\n\n<p>En horas de la tarde, pasadas las 18, un auto volc\u00f3 y sus tres ocupantes, entre ellos dos menores de edad, resultaron heridos.<\/p>\n\n\n\n<p>Fue a la altura del barrio El Portal. All\u00ed, el auto en el que viajaba Elena Salinas, un Chery QQ, al parecer fue encerrado por otro veh\u00edculo. La conductora perdi\u00f3 el control del rodado, y dio varios tumbos.<\/p>\n\n\n\n<p>La mujer viajaba junto a sus dos hijos, y junto a ellos qued\u00f3 en el interior del auto. Vecinos del lugar los ayudaron a salir, e incluso empujaron al veh\u00edculo fuera de la ruta para evitar nuevos accidentes.<\/p>\n\n\n\n<p>Se hizo presente el m\u00f3vil 2 del Same, cuyo personal revis\u00f3 a la mujer y a un ni\u00f1o, mientras que su hermana ya hab\u00eda sido trasladada al Hospital por un familiar que se acerc\u00f3. Poco despu\u00e9s, los dem\u00e1s ocupantes del veh\u00edculo la acompa\u00f1ar\u00edan. Intervino adem\u00e1s un m\u00f3vil del CP perteneciente a la zona 7.<\/p>\n\n\n\n<p><strong>Fuente:&nbsp;<\/strong>Campana Noticias<\/p>\n","protected":false},"excerpt":{"rendered":"<p>Al parecer, fueron encerrados por otro veh\u00edculo. Vecinos los ayudaron a salir del rodado, y luego personal del SAME les brind\u00f3 asistencia. Terminaron en el Hospital, con lesiones diversas. En horas de la tarde, pasadas las 18, un auto volc\u00f3 y sus tres ocupantes, entre ellos dos menores de edad, resultaron heridos. Fue a la [&hellip;]<\/p>\n","protected":false},"author":4,"featured_media":52511,"comment_status":"open","ping_status":"closed","sticky":false,"template":"","format":"standard","meta":{"om_disable_all_campaigns":false,"_jetpack_memberships_contains_paid_content":false,"footnotes":""},"categories":[621],"tags":[],"class_list":["post-52510","post","type-post","status-publish","format-standard","has-post-thumbnail","hentry","category-regionales"],"aioseo_notices":[],"gutentor_comment":0,"jetpack_featured_media_url":"https:\/\/eldiariodesanpedro.com.ar\/sitio\/wp-content\/uploads\/2019\/05\/CHOQUE.jpg","jetpack_shortlink":"https:\/\/wp.me\/p6RhLt-dEW","jetpack_sharing_enabled":true,"_links":{"self":[{"href":"https:\/\/eldiariodesanpedro.com.ar\/sitio\/wp-json\/wp\/v2\/posts\/52510","targetHints":{"allow":["GET"]}}],"collection":[{"href":"https:\/\/eldiariodesanpedro.com.ar\/sitio\/wp-json\/wp\/v2\/posts"}],"about":[{"href":"https:\/\/eldiariodesanpedro.com.ar\/sitio\/wp-json\/wp\/v2\/types\/post"}],"author":[{"embeddable":true,"href":"https:\/\/eldiariodesanpedro.com.ar\/sitio\/wp-json\/wp\/v2\/users\/4"}],"replies":[{"embeddable":true,"href":"https:\/\/eldiariodesanpedro.com.ar\/sitio\/wp-json\/wp\/v2\/comments?post=52510"}],"version-history":[{"count":1,"href":"https:\/\/eldiariodesanpedro.com.ar\/sitio\/wp-json\/wp\/v2\/posts\/52510\/revisions"}],"predecessor-version":[{"id":52512,"href":"https:\/\/eldiariodesanpedro.com.ar\/sitio\/wp-json\/wp\/v2\/posts\/52510\/revisions\/52512"}],"wp:featuredmedia":[{"embeddable":true,"href":"https:\/\/eldiariodesanpedro.com.ar\/sitio\/wp-json\/wp\/v2\/media\/52511"}],"wp:attachment":[{"href":"https:\/\/eldiariodesanpedro.com.ar\/sitio\/wp-json\/wp\/v2\/media?parent=52510"}],"wp:term":[{"taxonomy":"category","embeddable":true,"href":"https:\/\/eldiariodesanpedro.com.ar\/sitio\/wp-json\/wp\/v2\/categories?post=52510"},{"taxonomy":"post_tag","embeddable":true,"href":"https:\/\/eldiariodesanpedro.com.ar\/sitio\/wp-json\/wp\/v2\/tags?post=52510"}],"curies":[{"name":"wp","href":"https:\/\/api.w.org\/{rel}","templated":true}]}}