{"id":52507,"date":"2019-05-10T17:26:43","date_gmt":"2019-05-10T20:26:43","guid":{"rendered":"https:\/\/eldiariodesanpedro.com.ar\/sitio\/?p=52507"},"modified":"2019-05-10T17:26:53","modified_gmt":"2019-05-10T20:26:53","slug":"campana-detienen-a-un-profugo-con-pedido-de-captura-internacional","status":"publish","type":"post","link":"https:\/\/eldiariodesanpedro.com.ar\/sitio\/campana-detienen-a-un-profugo-con-pedido-de-captura-internacional\/","title":{"rendered":"CAMPANA: Detienen a un pr\u00f3fugo con pedido de captura internacional"},"content":{"rendered":"<!-- VideographyWP Plugin Message: Automatic video embedding prevented by plugin options. -->\n\n<p>Un empresario argentino estaba siendo buscado por la Justicia colombiana, acusado de financiar a un grupo terrorista de ese pa\u00eds || Siguiendo los lineamientos impartidos por el Ministerio de Seguridad de la Naci\u00f3n, a cargo de Patricia Bullrich, la Polic\u00eda Federal Argentina detuvo al pr\u00f3fugo, en un operativo que tuvo lugar en la localidad bonaerense de Campana.<\/p>\n\n\n\n<p>La Fiscal\u00eda N\u00b0 13 especializada de la Unidad Nacional Antiterrorismo de Bogot\u00e1, Rep\u00fablica de Colombia, autoridad judicial que se encuentra interviniendo en los hechos, public\u00f3 una Notificaci\u00f3n de \u00cdndice Rojo de Interpol solicitando la captura de Roberto Jorge Rigoni, de 76 a\u00f1os de edad.<\/p>\n\n\n\n<p>Fue as\u00ed que el personal de la fuerza que lidera N\u00e9stor Roncaglia inici\u00f3 tareas de investigaci\u00f3n y diligencias junto con sus pares colombianos, a los fines de lograr la aprehensi\u00f3n del evadido. Finalmente, los efectivos de la Divisi\u00f3n Investigaci\u00f3n Federal de Fugitivos y Extradiciones realizaron un procedimiento en la ciudad de Campana, en donde, seg\u00fan determinaron, Rigoni estaba residiendo.<\/p>\n\n\n\n<p>\u201cTenemos como premisa colaborar con las autoridades internacionales. Ning\u00fan delincuente puede alojarse impunemente en la Argentina sin pagar por sus actos ante quien corresponda\u201d, afirm\u00f3 la Ministra Bullrich, luego de instruir pol\u00edticas expresas a la Secretar\u00eda de Seguridad de Eugenio Burzaco.&nbsp;<\/p>\n\n\n\n<p>El detenido formaba parte de la Compa\u00f1\u00eda Multinacional \u00edtalo-argentina de construcci\u00f3n \u201cSICIM\u201d, y presuntamente mantuvo v\u00ednculos con el bloque oriental del grupo armado \u201cEj\u00e9rcito de Liberaci\u00f3n Nacional\u201d, convirti\u00e9ndose en financiador del mismo entre los a\u00f1os 2011 y 2015.<\/p>\n\n\n\n<p>Seg\u00fan la informaci\u00f3n aportada por funcionarios policiales colombianos, el pr\u00f3fugo coordinaba los env\u00edos de millonarias sumas de dinero con cabecillas de la red de finanzas del grupo subversivo, incluso creando una empresa prestadora de servicios varios para la multinacional \u201cSICIM\u201d, con el fin de otorgar un marco de legalidad a los fondos que eran direccionados para solventar los gastos de la guerrilla.<\/p>\n\n\n\n<p>Asimismo, de la investigaci\u00f3n realizada se desprende que las milicias de este grupo armado dispon\u00edan de los veh\u00edculos de la empresa, utiliz\u00e1ndolos con fines delictivos, y que el buscado organiz\u00f3 junto con integrantes del Ej\u00e9rcito de Liberaci\u00f3n Nacional extorsiones a ejecutivos e ingenieros, tanto de la misma Compa\u00f1\u00eda constructora \u201cSICIM\u201d como de otras ajenas a esa multinacional.<\/p>\n\n\n\n<p>Intervino en los hechos el Juzgado Federal de Campana, a cargo del Dr. Adri\u00e1n Gonz\u00e1lez Charvay.<\/p>\n\n\n\n<p><strong>Fuente:&nbsp;<\/strong>Noticias Z\u00e1rate Alerta<\/p>\n","protected":false},"excerpt":{"rendered":"<p>Un empresario argentino estaba siendo buscado por la Justicia colombiana, acusado de financiar a un grupo terrorista de ese pa\u00eds || Siguiendo los lineamientos impartidos por el Ministerio de Seguridad de la Naci\u00f3n, a cargo de Patricia Bullrich, la Polic\u00eda Federal Argentina detuvo al pr\u00f3fugo, en un operativo que tuvo lugar en la localidad bonaerense [&hellip;]<\/p>\n","protected":false},"author":4,"featured_media":52508,"comment_status":"open","ping_status":"closed","sticky":false,"template":"","format":"standard","meta":{"om_disable_all_campaigns":false,"_jetpack_memberships_contains_paid_content":false,"footnotes":""},"categories":[621],"tags":[],"class_list":["post-52507","post","type-post","status-publish","format-standard","has-post-thumbnail","hentry","category-regionales"],"aioseo_notices":[],"gutentor_comment":0,"jetpack_featured_media_url":"https:\/\/eldiariodesanpedro.com.ar\/sitio\/wp-content\/uploads\/2019\/05\/detencion-profugo-1024x602.jpg","jetpack_shortlink":"https:\/\/wp.me\/p6RhLt-dET","jetpack_sharing_enabled":true,"_links":{"self":[{"href":"https:\/\/eldiariodesanpedro.com.ar\/sitio\/wp-json\/wp\/v2\/posts\/52507","targetHints":{"allow":["GET"]}}],"collection":[{"href":"https:\/\/eldiariodesanpedro.com.ar\/sitio\/wp-json\/wp\/v2\/posts"}],"about":[{"href":"https:\/\/eldiariodesanpedro.com.ar\/sitio\/wp-json\/wp\/v2\/types\/post"}],"author":[{"embeddable":true,"href":"https:\/\/eldiariodesanpedro.com.ar\/sitio\/wp-json\/wp\/v2\/users\/4"}],"replies":[{"embeddable":true,"href":"https:\/\/eldiariodesanpedro.com.ar\/sitio\/wp-json\/wp\/v2\/comments?post=52507"}],"version-history":[{"count":1,"href":"https:\/\/eldiariodesanpedro.com.ar\/sitio\/wp-json\/wp\/v2\/posts\/52507\/revisions"}],"predecessor-version":[{"id":52509,"href":"https:\/\/eldiariodesanpedro.com.ar\/sitio\/wp-json\/wp\/v2\/posts\/52507\/revisions\/52509"}],"wp:featuredmedia":[{"embeddable":true,"href":"https:\/\/eldiariodesanpedro.com.ar\/sitio\/wp-json\/wp\/v2\/media\/52508"}],"wp:attachment":[{"href":"https:\/\/eldiariodesanpedro.com.ar\/sitio\/wp-json\/wp\/v2\/media?parent=52507"}],"wp:term":[{"taxonomy":"category","embeddable":true,"href":"https:\/\/eldiariodesanpedro.com.ar\/sitio\/wp-json\/wp\/v2\/categories?post=52507"},{"taxonomy":"post_tag","embeddable":true,"href":"https:\/\/eldiariodesanpedro.com.ar\/sitio\/wp-json\/wp\/v2\/tags?post=52507"}],"curies":[{"name":"wp","href":"https:\/\/api.w.org\/{rel}","templated":true}]}}