{"id":52504,"date":"2019-05-10T17:32:31","date_gmt":"2019-05-10T20:32:31","guid":{"rendered":"https:\/\/eldiariodesanpedro.com.ar\/sitio\/?p=52504"},"modified":"2019-05-10T17:32:37","modified_gmt":"2019-05-10T20:32:37","slug":"accidente-un-remisero-colisiono-con-una-motocicleta","status":"publish","type":"post","link":"https:\/\/eldiariodesanpedro.com.ar\/sitio\/accidente-un-remisero-colisiono-con-una-motocicleta\/","title":{"rendered":"ACCIDENTE: Un remisero colisiono con una motocicleta"},"content":{"rendered":"<!-- VideographyWP Plugin Message: Automatic video embedding prevented by plugin options. -->\n\n<p>El hecho ocurri\u00f3 al mediod\u00eda de este viernes, un autom\u00f3vil que llevaba pasajeros colision\u00f3 con una pareja que circulaba en una motocicleta 110 cc.<\/p>\n\n\n\n<p>Sucedio en interseccion de las calles Hipolito Irigoyen y Rivadavia. Como consecuencia la mujer que conduc\u00eda el rodado menor fue trasladada por la ambulancia del SAME al nosocomio local con heridas en la pierna derecha.<\/p>\n\n\n\n<p>En el automovil todos resultaron ilesos.<\/p>\n\n\n\n<p>Toma intervenci\u00f3n la fiscalia en turno de nuestra ciudad. <\/p>\n","protected":false},"excerpt":{"rendered":"<p>El hecho ocurri\u00f3 al mediod\u00eda de este viernes, un autom\u00f3vil que llevaba pasajeros colision\u00f3 con una pareja que circulaba en una motocicleta 110 cc. Sucedio en interseccion de las calles Hipolito Irigoyen y Rivadavia. Como consecuencia la mujer que conduc\u00eda el rodado menor fue trasladada por la ambulancia del SAME al nosocomio local con heridas [&hellip;]<\/p>\n","protected":false},"author":4,"featured_media":52497,"comment_status":"open","ping_status":"closed","sticky":false,"template":"","format":"standard","meta":{"om_disable_all_campaigns":false,"_jetpack_memberships_contains_paid_content":false,"footnotes":""},"categories":[2,103],"tags":[],"class_list":["post-52504","post","type-post","status-publish","format-standard","has-post-thumbnail","hentry","category-locales","category-policiales-locales"],"aioseo_notices":[],"gutentor_comment":1,"jetpack_featured_media_url":"https:\/\/eldiariodesanpedro.com.ar\/sitio\/wp-content\/uploads\/2019\/05\/IMG-20190510-WA0018.jpg","jetpack_shortlink":"https:\/\/wp.me\/p6RhLt-dEQ","jetpack_sharing_enabled":true,"_links":{"self":[{"href":"https:\/\/eldiariodesanpedro.com.ar\/sitio\/wp-json\/wp\/v2\/posts\/52504","targetHints":{"allow":["GET"]}}],"collection":[{"href":"https:\/\/eldiariodesanpedro.com.ar\/sitio\/wp-json\/wp\/v2\/posts"}],"about":[{"href":"https:\/\/eldiariodesanpedro.com.ar\/sitio\/wp-json\/wp\/v2\/types\/post"}],"author":[{"embeddable":true,"href":"https:\/\/eldiariodesanpedro.com.ar\/sitio\/wp-json\/wp\/v2\/users\/4"}],"replies":[{"embeddable":true,"href":"https:\/\/eldiariodesanpedro.com.ar\/sitio\/wp-json\/wp\/v2\/comments?post=52504"}],"version-history":[{"count":1,"href":"https:\/\/eldiariodesanpedro.com.ar\/sitio\/wp-json\/wp\/v2\/posts\/52504\/revisions"}],"predecessor-version":[{"id":52514,"href":"https:\/\/eldiariodesanpedro.com.ar\/sitio\/wp-json\/wp\/v2\/posts\/52504\/revisions\/52514"}],"wp:featuredmedia":[{"embeddable":true,"href":"https:\/\/eldiariodesanpedro.com.ar\/sitio\/wp-json\/wp\/v2\/media\/52497"}],"wp:attachment":[{"href":"https:\/\/eldiariodesanpedro.com.ar\/sitio\/wp-json\/wp\/v2\/media?parent=52504"}],"wp:term":[{"taxonomy":"category","embeddable":true,"href":"https:\/\/eldiariodesanpedro.com.ar\/sitio\/wp-json\/wp\/v2\/categories?post=52504"},{"taxonomy":"post_tag","embeddable":true,"href":"https:\/\/eldiariodesanpedro.com.ar\/sitio\/wp-json\/wp\/v2\/tags?post=52504"}],"curies":[{"name":"wp","href":"https:\/\/api.w.org\/{rel}","templated":true}]}}