{"id":52503,"date":"2019-05-10T17:23:24","date_gmt":"2019-05-10T20:23:24","guid":{"rendered":"https:\/\/eldiariodesanpedro.com.ar\/sitio\/?p=52503"},"modified":"2019-05-10T17:23:37","modified_gmt":"2019-05-10T20:23:37","slug":"zarate-paro-en-atucha","status":"publish","type":"post","link":"https:\/\/eldiariodesanpedro.com.ar\/sitio\/zarate-paro-en-atucha\/","title":{"rendered":"Z\u00c1RATE: Paro en Atucha"},"content":{"rendered":"<!-- VideographyWP Plugin Message: Automatic video embedding prevented by plugin options. -->\n\n<p>La Asamblea General Extraordinaria del 9 de mayo de 2019, defini\u00f3 parar por 24 horas este viernes y parar dos horas por turno desde el s\u00e1bado 11 de mayo. <\/p>\n\n\n\n<h4 class=\"wp-block-heading\">Resoluci\u00f3n de la Asamblea General Extraordinaria del 9 de mayo de 2019<\/h4>\n\n\n\n<p>\u00abConsiderando: Que este Sindicato de Luz y Fuerza de Z\u00e1rate (Personer\u00eda Gremial 1669), ha venido denunciando ante el Directorio de Nucleoel\u00e9ctrica Argentina S.A. y as\u00ed tambi\u00e9n a los organismos competentes, el incumplimiento en el pago del art\u00edculo 37 del CCT 51\/05 \u201cE\u201d.<\/p>\n\n\n\n<p>Que de parte de la empresa s\u00f3lo se ha recibido una constante dilaci\u00f3n sin ofrecer una justificaci\u00f3n o propuesta concreta para resolver el presente conflicto.<\/p>\n\n\n\n<p>Que este accionar empresarial produce una p\u00e9rdida m\u00e1s que considerable e importante en el poder adquisitivo de los salarios de todos los trabajadores.<\/p>\n\n\n\n<p>Que el persistente obrar de nucleoel\u00e9ctrica Argentina S.A. no hace otra cosa que poner en riesgo la paz social, que debe estar fundamentada en el respeto mutuo y el cumplimiento de todos los derechos, y en particular el pago del salario de cada trabajador.<\/p>\n\n\n\n<p>Por lo expuesto la Asamblea resuelve:<\/p>\n\n\n\n<ol class=\"wp-block-list\"><li>Exigir el inmediato cumplimiento del art\u00edculo 37 (BACPACD) del CCT 51\/05 \u201cE\u201d<\/li><li>Rechazar todo acuerdo referido a postergar y\/o fraccionar la BACPACD que se realice en el marco de la CRL; sin contar con la presencia de la totalidad de las organizaciones representativas en Nucleoel\u00e9ctrica Argentina S.A.<\/li><li>Exigir la participaci\u00f3n del Sindicato de Luz y Fuerza de Z\u00e1rate (Personer\u00eda Gremial N\u00ba 1669) a trav\u00e9s de nuestros representantes gremiales, en la Comisi\u00f3n de Relaciones Laborales (CRL) con la empresa Nucleoel\u00e9ctrica Argentina S.A.<\/li><li>Decretar medidas de acci\u00f3n directa consistente en el paro total de actividad por 24 horas en el \u00e1mbito de CNA I\/II a partir de las 00.00 hs y hasta las 24.00 hs del d\u00eda viernes 10 de mayo de 2019<\/li><\/ol>\n\n\n\n<p>La modalidad de la medida de fuerza se detalla a continuaci\u00f3n:<\/p>\n\n\n\n<p>Personal de turno rotativo por diagrama: realizar\u00e1 las recorridas sin asentar los valores de las mismas no realizar\u00e1 tareas programadas ni intervendr\u00e1 en los sistemas<\/p>\n\n\n\n<p>Personal de semana calendaria: No realizar\u00e1 tareas<\/p>\n\n\n\n<p>Durante el tiempo que transcurra la medida de fuerza, se garantizar\u00e1 la seguridad de las personas, como as\u00ed tambi\u00e9n la seguridad y disponibilidad de CNA I\/II<\/p>\n\n\n\n<p>5. Decretar paro de actividades a partir del d\u00eda s\u00e1bado 11 de mayo del corriente a\u00f1o de 2hs por turno y sector, hasta nueva resoluci\u00f3n de pr\u00f3xima asamblea.<\/p>\n\n\n\n<p>La modalidad de la medida de fuerza se detalla a continuaci\u00f3n:<\/p>\n\n\n\n<p>En relaci\u00f3n al personal de turno la modalidad ser\u00e1 de paro dura de cada turno, seg\u00fan se detalla a continuaci\u00f3n:<\/p>\n\n\n\n<p>En relaci\u00f3n al personal de turno la modalidad ser\u00e1 de paro durante las dos primeras horas de cada turno, seg\u00fan se detalla a continuaci\u00f3n<\/p>\n\n\n\n<p>6:30 a 8:30hs \u2013 14:30 a 16:30hs \u2013 22:30 a 00:30hs<\/p>\n\n\n\n<p>Personal de turno rotativo por diagrama: realizar\u00e1 las recorridas sin asentar los valores de las mismas nos realizar\u00e1 tareas programadas ni intervendr\u00e1 en los sistemas.<\/p>\n\n\n\n<p>Personal de Semana Calendaria: no realizar\u00e1 tareas en el horario de 9 a 11hs.<\/p>\n\n\n\n<p>Durante el tiempo de transcurra la medida de fuerza, se garantizar\u00e1 la seguridad de las personas, como as\u00ed tambi\u00e9n la seguridad y disponibilidad de CNA I\/II<\/p>\n\n\n\n<p>6. Mantener el estado de quite de colaboraci\u00f3n y trabajo a reglamento hasta resoluci\u00f3n de pr\u00f3xima asamblea<\/p>\n\n\n\n<p>7. Mantener el estado de asamblea permanente para evaluar el avance del conflicto, y dar mandato a la Comisi\u00f3n Directiva para actuar seg\u00fan se considere oportuno, en defensa y cumplimiento del CCT<\/p>\n\n\n\n<p>8. Dar amplia difusi\u00f3n a la presente\u00bb.<\/p>\n\n\n\n<p><strong>Comisi\u00f3n Directiva Sindicato de Luz y Fuerza de Z\u00e1rate<\/strong><\/p>\n\n\n\n<p><strong>Fuente:&nbsp;<\/strong>Noticias Z\u00e1rate Alerta<\/p>\n","protected":false},"excerpt":{"rendered":"<p>La Asamblea General Extraordinaria del 9 de mayo de 2019, defini\u00f3 parar por 24 horas este viernes y parar dos horas por turno desde el s\u00e1bado 11 de mayo. Resoluci\u00f3n de la Asamblea General Extraordinaria del 9 de mayo de 2019 \u00abConsiderando: Que este Sindicato de Luz y Fuerza de Z\u00e1rate (Personer\u00eda Gremial 1669), ha [&hellip;]<\/p>\n","protected":false},"author":4,"featured_media":52505,"comment_status":"open","ping_status":"closed","sticky":false,"template":"","format":"standard","meta":{"om_disable_all_campaigns":false,"_jetpack_memberships_contains_paid_content":false,"footnotes":""},"categories":[621],"tags":[],"class_list":["post-52503","post","type-post","status-publish","format-standard","has-post-thumbnail","hentry","category-regionales"],"aioseo_notices":[],"gutentor_comment":1,"jetpack_featured_media_url":"https:\/\/eldiariodesanpedro.com.ar\/sitio\/wp-content\/uploads\/2019\/05\/20180727152225_.1.png","jetpack_shortlink":"https:\/\/wp.me\/p6RhLt-dEP","jetpack_sharing_enabled":true,"_links":{"self":[{"href":"https:\/\/eldiariodesanpedro.com.ar\/sitio\/wp-json\/wp\/v2\/posts\/52503","targetHints":{"allow":["GET"]}}],"collection":[{"href":"https:\/\/eldiariodesanpedro.com.ar\/sitio\/wp-json\/wp\/v2\/posts"}],"about":[{"href":"https:\/\/eldiariodesanpedro.com.ar\/sitio\/wp-json\/wp\/v2\/types\/post"}],"author":[{"embeddable":true,"href":"https:\/\/eldiariodesanpedro.com.ar\/sitio\/wp-json\/wp\/v2\/users\/4"}],"replies":[{"embeddable":true,"href":"https:\/\/eldiariodesanpedro.com.ar\/sitio\/wp-json\/wp\/v2\/comments?post=52503"}],"version-history":[{"count":1,"href":"https:\/\/eldiariodesanpedro.com.ar\/sitio\/wp-json\/wp\/v2\/posts\/52503\/revisions"}],"predecessor-version":[{"id":52506,"href":"https:\/\/eldiariodesanpedro.com.ar\/sitio\/wp-json\/wp\/v2\/posts\/52503\/revisions\/52506"}],"wp:featuredmedia":[{"embeddable":true,"href":"https:\/\/eldiariodesanpedro.com.ar\/sitio\/wp-json\/wp\/v2\/media\/52505"}],"wp:attachment":[{"href":"https:\/\/eldiariodesanpedro.com.ar\/sitio\/wp-json\/wp\/v2\/media?parent=52503"}],"wp:term":[{"taxonomy":"category","embeddable":true,"href":"https:\/\/eldiariodesanpedro.com.ar\/sitio\/wp-json\/wp\/v2\/categories?post=52503"},{"taxonomy":"post_tag","embeddable":true,"href":"https:\/\/eldiariodesanpedro.com.ar\/sitio\/wp-json\/wp\/v2\/tags?post=52503"}],"curies":[{"name":"wp","href":"https:\/\/api.w.org\/{rel}","templated":true}]}}