{"id":52489,"date":"2019-05-10T11:01:34","date_gmt":"2019-05-10T14:01:34","guid":{"rendered":"https:\/\/eldiariodesanpedro.com.ar\/sitio\/?p=52489"},"modified":"2019-05-10T11:01:39","modified_gmt":"2019-05-10T14:01:39","slug":"se-recupero-la-moto-robada-hace-unos-dias-atras","status":"publish","type":"post","link":"https:\/\/eldiariodesanpedro.com.ar\/sitio\/se-recupero-la-moto-robada-hace-unos-dias-atras\/","title":{"rendered":"Se recupero la moto robada hace unos d\u00edas atr\u00e1s"},"content":{"rendered":"<!-- VideographyWP Plugin Message: Automatic video embedding prevented by plugin options. -->\n\n<p>El hecho delictivo hab\u00eda ocurrido en una vivienda de calle Maestro Reyna al 1500. Los efectivos policiales lograron aprehender a los delincuentes fugados en la misma , este jueves por la noche.<\/p>\n\n\n\n<p>Tras un amplio operativo cerrojo del personal policial, luego de que delincuentes nombrados y reconocidos, lograran sustraer una motocicleta del interior de una vivienda, el d\u00eda mi\u00e9rcoles, lograron recuperar el rodado un d\u00eda despu\u00e9s.<\/p>\n\n\n\n<p>Realizando el recorrido dan vista de la motocicleta con los sujetos sospechosos quienes emprenden r\u00e1pidamente a la fuga tras intentar interceptarlos.<\/p>\n\n\n\n<p>En carrera logran despojarse del veh\u00edculo y siguen la fuga a pie, logrando su  aprehension tras r\u00e1pido accionar en intersecci\u00f3n de las calles Independencia y Noceda.<\/p>\n\n\n\n<p>En ese momento  se constata que la moto registra pedido de secuestro activo del  17 de marzo de 2019.<\/p>\n\n\n\n<p>Toma intervenci\u00f3n la fiscalia en turno. <br><\/p>\n","protected":false},"excerpt":{"rendered":"<p>El hecho delictivo hab\u00eda ocurrido en una vivienda de calle Maestro Reyna al 1500. Los efectivos policiales lograron aprehender a los delincuentes fugados en la misma , este jueves por la noche. Tras un amplio operativo cerrojo del personal policial, luego de que delincuentes nombrados y reconocidos, lograran sustraer una motocicleta del interior de una [&hellip;]<\/p>\n","protected":false},"author":4,"featured_media":23313,"comment_status":"open","ping_status":"closed","sticky":false,"template":"","format":"standard","meta":{"om_disable_all_campaigns":false,"_jetpack_memberships_contains_paid_content":false,"footnotes":""},"categories":[50,2,103],"tags":[],"class_list":["post-52489","post","type-post","status-publish","format-standard","has-post-thumbnail","hentry","category-destacadas","category-locales","category-policiales-locales"],"aioseo_notices":[],"gutentor_comment":0,"jetpack_featured_media_url":"https:\/\/eldiariodesanpedro.com.ar\/sitio\/wp-content\/uploads\/2017\/09\/patrulla-nocturna.jpg","jetpack_shortlink":"https:\/\/wp.me\/p6RhLt-dEB","jetpack_sharing_enabled":true,"_links":{"self":[{"href":"https:\/\/eldiariodesanpedro.com.ar\/sitio\/wp-json\/wp\/v2\/posts\/52489","targetHints":{"allow":["GET"]}}],"collection":[{"href":"https:\/\/eldiariodesanpedro.com.ar\/sitio\/wp-json\/wp\/v2\/posts"}],"about":[{"href":"https:\/\/eldiariodesanpedro.com.ar\/sitio\/wp-json\/wp\/v2\/types\/post"}],"author":[{"embeddable":true,"href":"https:\/\/eldiariodesanpedro.com.ar\/sitio\/wp-json\/wp\/v2\/users\/4"}],"replies":[{"embeddable":true,"href":"https:\/\/eldiariodesanpedro.com.ar\/sitio\/wp-json\/wp\/v2\/comments?post=52489"}],"version-history":[{"count":1,"href":"https:\/\/eldiariodesanpedro.com.ar\/sitio\/wp-json\/wp\/v2\/posts\/52489\/revisions"}],"predecessor-version":[{"id":52494,"href":"https:\/\/eldiariodesanpedro.com.ar\/sitio\/wp-json\/wp\/v2\/posts\/52489\/revisions\/52494"}],"wp:featuredmedia":[{"embeddable":true,"href":"https:\/\/eldiariodesanpedro.com.ar\/sitio\/wp-json\/wp\/v2\/media\/23313"}],"wp:attachment":[{"href":"https:\/\/eldiariodesanpedro.com.ar\/sitio\/wp-json\/wp\/v2\/media?parent=52489"}],"wp:term":[{"taxonomy":"category","embeddable":true,"href":"https:\/\/eldiariodesanpedro.com.ar\/sitio\/wp-json\/wp\/v2\/categories?post=52489"},{"taxonomy":"post_tag","embeddable":true,"href":"https:\/\/eldiariodesanpedro.com.ar\/sitio\/wp-json\/wp\/v2\/tags?post=52489"}],"curies":[{"name":"wp","href":"https:\/\/api.w.org\/{rel}","templated":true}]}}