{"id":52485,"date":"2019-05-10T10:42:18","date_gmt":"2019-05-10T13:42:18","guid":{"rendered":"https:\/\/eldiariodesanpedro.com.ar\/sitio\/?p=52485"},"modified":"2019-05-10T10:42:27","modified_gmt":"2019-05-10T13:42:27","slug":"asamblea-en-la-sociedad-rural-de-san-pedro-edgardo-salmoiraghi-es-el-nuevo-presidente","status":"publish","type":"post","link":"https:\/\/eldiariodesanpedro.com.ar\/sitio\/asamblea-en-la-sociedad-rural-de-san-pedro-edgardo-salmoiraghi-es-el-nuevo-presidente\/","title":{"rendered":"Asamblea en la Sociedad Rural de San Pedro: Edgardo Salmoiraghi es el nuevo presidente"},"content":{"rendered":"<!-- VideographyWP Plugin Message: Automatic video embedding prevented by plugin options. -->\n\n<p>\n\nLa Sociedad Rural de San Pedro realiz\u00f3 el jueves 9 de mayo en su sede de 25 de Mayo 410, la asamblea general ordinaria correspondiente al \u00faltimo ejercicio.&nbsp; Los integrantes de la Comisi\u00f3n Directiva y algunos socios fueron part\u00edcipes de la misma, aprobando la memoria y el balance en tratamiento y la lista presentada para la renovaci\u00f3n de autoridades.&nbsp;<\/p>\n\n\n\n<p>Tras el an\u00e1lisis de estos temas se plante\u00f3 un debate sobre la situaci\u00f3n actual del sector, temas relacionados con la din\u00e1mica de la entidad y la distribuci\u00f3n de funciones espec\u00edficas de los directivos en la representaci\u00f3n que la Sociedad Rural de San Pedro tiene en diferentes comisiones y organismos, incluyendo CARBAP, la Confederaci\u00f3n Argentina Rural de Buenos Aires y la Pampa.<\/p>\n\n\n\n<p>Despu\u00e9s de 16 a\u00f1os ininterrumpidos como presidente y 10 a\u00f1os como vice, deja ese lugar Ra\u00fal Victores y ser\u00e1 sucedido por Edgardo Salmoiraghi quien era vicepresidente hasta la actualidad. No obstante, el dirigente seguir\u00e1 presente en la mesa de la entidad que se ha propuesto adem\u00e1s darle mayor protagonismo a productores j\u00f3venes, en espacios importantes para seguir trabajando en defensa del sector.<\/p>\n\n\n\n<p>Las nuevas autoridades de la Sociedad Rural de San Pedro son:<br><strong>Presidente: Edgardo Salmoiraghi<\/strong><br>Vicepresidente: Lisandro Gord\u00f3<br>Secretario: Mart\u00edn Palaz\u00f3n<br>Prosecretario: Agust\u00edn Billoch<br>Tesorero: Javier Luzzi<br>Protesorero: Eric Debaere<br><strong>Vocales Titulares:\u00a0<\/strong>Ra\u00fal Victores<br>Tom\u00e1s Palaz\u00f3n<br>Alexis Kuttel<br>Walter Kissling<br>Ricardo Pujol<br>Federico Avila<br><strong>Vocales Suplentes:<\/strong><br>Hugo Bertani<br>Juan I. Podest\u00e1<br>Sergio Paparini<br>Luis Premoli<br><strong>Revisores de Cuentas Titulares:<\/strong><br>Reynaldo Bianchini<br>Dino Paparini<br><strong>Revisores de Cuentas Suplentes<\/strong><br>Leonardo Cajide. <\/p>\n\n\n\n<figure class=\"wp-block-image\"><img decoding=\"async\" width=\"1024\" height=\"498\" data-attachment-id=\"52491\" data-permalink=\"https:\/\/eldiariodesanpedro.com.ar\/sitio\/asamblea-en-la-sociedad-rural-de-san-pedro-edgardo-salmoiraghi-es-el-nuevo-presidente\/asamblea-rural-2019-1\/\" data-orig-file=\"https:\/\/eldiariodesanpedro.com.ar\/sitio\/wp-content\/uploads\/2019\/05\/Asamblea-Rural-2019-1.jpeg\" data-orig-size=\"1280,622\" data-comments-opened=\"1\" data-image-meta=\"{&quot;aperture&quot;:&quot;0&quot;,&quot;credit&quot;:&quot;&quot;,&quot;camera&quot;:&quot;&quot;,&quot;caption&quot;:&quot;&quot;,&quot;created_timestamp&quot;:&quot;0&quot;,&quot;copyright&quot;:&quot;&quot;,&quot;focal_length&quot;:&quot;0&quot;,&quot;iso&quot;:&quot;0&quot;,&quot;shutter_speed&quot;:&quot;0&quot;,&quot;title&quot;:&quot;&quot;,&quot;orientation&quot;:&quot;0&quot;}\" data-image-title=\"Asamblea Rural 2019 (1)\" data-image-description=\"\" data-image-caption=\"\" data-large-file=\"https:\/\/eldiariodesanpedro.com.ar\/sitio\/wp-content\/uploads\/2019\/05\/Asamblea-Rural-2019-1-1024x498.jpeg\" data-src=\"https:\/\/eldiariodesanpedro.com.ar\/sitio\/wp-content\/uploads\/2019\/05\/Asamblea-Rural-2019-1-1024x498.jpeg\" alt=\"\" class=\"wp-image-52491 lazyload\" data-srcset=\"https:\/\/eldiariodesanpedro.com.ar\/sitio\/wp-content\/uploads\/2019\/05\/Asamblea-Rural-2019-1-1024x498.jpeg 1024w, https:\/\/eldiariodesanpedro.com.ar\/sitio\/wp-content\/uploads\/2019\/05\/Asamblea-Rural-2019-1-300x146.jpeg 300w, https:\/\/eldiariodesanpedro.com.ar\/sitio\/wp-content\/uploads\/2019\/05\/Asamblea-Rural-2019-1-768x373.jpeg 768w, https:\/\/eldiariodesanpedro.com.ar\/sitio\/wp-content\/uploads\/2019\/05\/Asamblea-Rural-2019-1.jpeg 1280w\" data-sizes=\"(max-width: 1024px) 100vw, 1024px\" src=\"data:image\/svg+xml;base64,PHN2ZyB3aWR0aD0iMSIgaGVpZ2h0PSIxIiB4bWxucz0iaHR0cDovL3d3dy53My5vcmcvMjAwMC9zdmciPjwvc3ZnPg==\" style=\"--smush-placeholder-width: 1024px; --smush-placeholder-aspect-ratio: 1024\/498;\" \/><\/figure>\n","protected":false},"excerpt":{"rendered":"<p>La Sociedad Rural de San Pedro realiz\u00f3 el jueves 9 de mayo en su sede de 25 de Mayo 410, la asamblea general ordinaria correspondiente al \u00faltimo ejercicio.&nbsp; Los integrantes de la Comisi\u00f3n Directiva y algunos socios fueron part\u00edcipes de la misma, aprobando la memoria y el balance en tratamiento y la lista presentada para [&hellip;]<\/p>\n","protected":false},"author":4,"featured_media":52490,"comment_status":"open","ping_status":"closed","sticky":false,"template":"","format":"standard","meta":{"om_disable_all_campaigns":false,"_jetpack_memberships_contains_paid_content":false,"footnotes":""},"categories":[101,2],"tags":[],"class_list":["post-52485","post","type-post","status-publish","format-standard","has-post-thumbnail","hentry","category-interes-general-locales","category-locales"],"aioseo_notices":[],"gutentor_comment":0,"jetpack_featured_media_url":"https:\/\/eldiariodesanpedro.com.ar\/sitio\/wp-content\/uploads\/2019\/05\/Asamblea-Rural-2019-4.jpeg","jetpack_shortlink":"https:\/\/wp.me\/p6RhLt-dEx","jetpack_sharing_enabled":true,"_links":{"self":[{"href":"https:\/\/eldiariodesanpedro.com.ar\/sitio\/wp-json\/wp\/v2\/posts\/52485","targetHints":{"allow":["GET"]}}],"collection":[{"href":"https:\/\/eldiariodesanpedro.com.ar\/sitio\/wp-json\/wp\/v2\/posts"}],"about":[{"href":"https:\/\/eldiariodesanpedro.com.ar\/sitio\/wp-json\/wp\/v2\/types\/post"}],"author":[{"embeddable":true,"href":"https:\/\/eldiariodesanpedro.com.ar\/sitio\/wp-json\/wp\/v2\/users\/4"}],"replies":[{"embeddable":true,"href":"https:\/\/eldiariodesanpedro.com.ar\/sitio\/wp-json\/wp\/v2\/comments?post=52485"}],"version-history":[{"count":1,"href":"https:\/\/eldiariodesanpedro.com.ar\/sitio\/wp-json\/wp\/v2\/posts\/52485\/revisions"}],"predecessor-version":[{"id":52492,"href":"https:\/\/eldiariodesanpedro.com.ar\/sitio\/wp-json\/wp\/v2\/posts\/52485\/revisions\/52492"}],"wp:featuredmedia":[{"embeddable":true,"href":"https:\/\/eldiariodesanpedro.com.ar\/sitio\/wp-json\/wp\/v2\/media\/52490"}],"wp:attachment":[{"href":"https:\/\/eldiariodesanpedro.com.ar\/sitio\/wp-json\/wp\/v2\/media?parent=52485"}],"wp:term":[{"taxonomy":"category","embeddable":true,"href":"https:\/\/eldiariodesanpedro.com.ar\/sitio\/wp-json\/wp\/v2\/categories?post=52485"},{"taxonomy":"post_tag","embeddable":true,"href":"https:\/\/eldiariodesanpedro.com.ar\/sitio\/wp-json\/wp\/v2\/tags?post=52485"}],"curies":[{"name":"wp","href":"https:\/\/api.w.org\/{rel}","templated":true}]}}