{"id":52484,"date":"2019-05-10T10:38:42","date_gmt":"2019-05-10T13:38:42","guid":{"rendered":"https:\/\/eldiariodesanpedro.com.ar\/sitio\/?p=52484"},"modified":"2019-05-10T10:38:50","modified_gmt":"2019-05-10T13:38:50","slug":"robaron-10-porcinos-de-una-estancia-en-villa-jardin","status":"publish","type":"post","link":"https:\/\/eldiariodesanpedro.com.ar\/sitio\/robaron-10-porcinos-de-una-estancia-en-villa-jardin\/","title":{"rendered":"Robaron 10 porcinos de una estancia en Villa Jardin"},"content":{"rendered":"<!-- VideographyWP Plugin Message: Automatic video embedding prevented by plugin options. -->\n\n<p>El hecho lo constato su propietario, un hombre de 49 a\u00f1os de edad, por la tarde noche del jueves.<\/p>\n\n\n\n<p>Al salir a recorrer su propiedad, sita en Villa Jard\u00edn, Moj\u00f3n al 200, visualizo que el bollero el\u00e9ctrico hab\u00eda sido violentado por delincuentes quienes lograron sustraer 10 animales porcinos de 15 kg aproximadamente.<\/p>\n\n\n\n<p>La denuncia fue radicada en la comisaria local y toma intervenci\u00f3n la fiscalia local.<\/p>\n\n\n\n<p><\/p>\n","protected":false},"excerpt":{"rendered":"<p>El hecho lo constato su propietario, un hombre de 49 a\u00f1os de edad, por la tarde noche del jueves. Al salir a recorrer su propiedad, sita en Villa Jard\u00edn, Moj\u00f3n al 200, visualizo que el bollero el\u00e9ctrico hab\u00eda sido violentado por delincuentes quienes lograron sustraer 10 animales porcinos de 15 kg aproximadamente. La denuncia fue [&hellip;]<\/p>\n","protected":false},"author":4,"featured_media":40358,"comment_status":"open","ping_status":"closed","sticky":false,"template":"","format":"standard","meta":{"om_disable_all_campaigns":false,"_jetpack_memberships_contains_paid_content":false,"footnotes":""},"categories":[2,103],"tags":[],"class_list":["post-52484","post","type-post","status-publish","format-standard","has-post-thumbnail","hentry","category-locales","category-policiales-locales"],"aioseo_notices":[],"gutentor_comment":3,"jetpack_featured_media_url":"https:\/\/eldiariodesanpedro.com.ar\/sitio\/wp-content\/uploads\/2018\/09\/patrulla-rural.jpg","jetpack_shortlink":"https:\/\/wp.me\/p6RhLt-dEw","jetpack_sharing_enabled":true,"_links":{"self":[{"href":"https:\/\/eldiariodesanpedro.com.ar\/sitio\/wp-json\/wp\/v2\/posts\/52484","targetHints":{"allow":["GET"]}}],"collection":[{"href":"https:\/\/eldiariodesanpedro.com.ar\/sitio\/wp-json\/wp\/v2\/posts"}],"about":[{"href":"https:\/\/eldiariodesanpedro.com.ar\/sitio\/wp-json\/wp\/v2\/types\/post"}],"author":[{"embeddable":true,"href":"https:\/\/eldiariodesanpedro.com.ar\/sitio\/wp-json\/wp\/v2\/users\/4"}],"replies":[{"embeddable":true,"href":"https:\/\/eldiariodesanpedro.com.ar\/sitio\/wp-json\/wp\/v2\/comments?post=52484"}],"version-history":[{"count":2,"href":"https:\/\/eldiariodesanpedro.com.ar\/sitio\/wp-json\/wp\/v2\/posts\/52484\/revisions"}],"predecessor-version":[{"id":52487,"href":"https:\/\/eldiariodesanpedro.com.ar\/sitio\/wp-json\/wp\/v2\/posts\/52484\/revisions\/52487"}],"wp:featuredmedia":[{"embeddable":true,"href":"https:\/\/eldiariodesanpedro.com.ar\/sitio\/wp-json\/wp\/v2\/media\/40358"}],"wp:attachment":[{"href":"https:\/\/eldiariodesanpedro.com.ar\/sitio\/wp-json\/wp\/v2\/media?parent=52484"}],"wp:term":[{"taxonomy":"category","embeddable":true,"href":"https:\/\/eldiariodesanpedro.com.ar\/sitio\/wp-json\/wp\/v2\/categories?post=52484"},{"taxonomy":"post_tag","embeddable":true,"href":"https:\/\/eldiariodesanpedro.com.ar\/sitio\/wp-json\/wp\/v2\/tags?post=52484"}],"curies":[{"name":"wp","href":"https:\/\/api.w.org\/{rel}","templated":true}]}}