{"id":52475,"date":"2019-05-10T10:17:44","date_gmt":"2019-05-10T13:17:44","guid":{"rendered":"https:\/\/eldiariodesanpedro.com.ar\/sitio\/?p=52475"},"modified":"2019-05-10T10:17:57","modified_gmt":"2019-05-10T13:17:57","slug":"tercera-feria-el-sabado-11","status":"publish","type":"post","link":"https:\/\/eldiariodesanpedro.com.ar\/sitio\/tercera-feria-el-sabado-11\/","title":{"rendered":"Tercera feria el s\u00e1bado 11"},"content":{"rendered":"<!-- VideographyWP Plugin Message: Automatic video embedding prevented by plugin options. -->\n\n<p><strong><em>Justo a mitad de oto\u00f1o llega la tercera oportunidad de encuentro entre productores y consumidores de San Pedro con \u201cFrutos de la tierra y el r\u00edo\u201d. Mayo tendr\u00e1 tambi\u00e9n una degustaci\u00f3n de t\u00e9 con rosa del INTA y nuevamente la oportunidad de aprender a compostar los residuos org\u00e1nicos de casa.<\/em><\/strong><br><br>Con algunos expositores m\u00e1s que la edici\u00f3n de abril, el s\u00e1bado 11 de mayo de 10 a 18 hs se realizar\u00e1 una nueva edici\u00f3n de la ya tradicional feria \u00a0frente a Plaza Constituci\u00f3n, en Hip\u00f3lito Yrigoyen entre Mitre y Pellegrini.<br><br>Productos propios de estaci\u00f3n ser\u00e1n el eje (batata, calabaza, verduras de hoja), pero tambi\u00e9n habr\u00e1 plantines, plantas de todo tipo, crasas y cactus para despuntar el vicio y seguir alegrando la casa con el toque verde. Tambi\u00e9n habr\u00e1 dulces s\u00f3lidos y blandos, miel, productos derivado de la agricultura, y todo lo necesario para prepararse al invierno con lanas y tejidos. Incluso, si la pesca resulta tambi\u00e9n el grupo que llevar\u00e1 boga fresca.<br><br>Adem\u00e1s, como ya viene siendo costumbre, el INTA propondr\u00e1 que los visitantes prueben una infusi\u00f3n de t\u00e9 con distintos porcentajes de p\u00e9talos de rosa, como parte de un trabajo que busca agregar valor a las producciones locales, y en el marco de las evaluaciones sensoriales que con paneles de consumidores .<br><br>Una vez m\u00e1s, estar\u00e1 la oportunidad de conocer lo necesario para realizar el compostado hogare\u00f1o de los residuos org\u00e1nicos de casa, principalmente los provenientes de los restos vegetales de la cocina, el c\u00e9sped cortado y la poda. Para ello contaremos con la gente de Conciencia Ecol\u00f3gica, una organizaci\u00f3n que desde hace tiempo ha puesto foco en nuestra ciudad y avanzan con un tema que cada d\u00eda se hace imprescindible.<\/p>\n\n\n\n<figure class=\"wp-block-image\"><img decoding=\"async\" width=\"794\" height=\"1123\" data-attachment-id=\"52476\" data-permalink=\"https:\/\/eldiariodesanpedro.com.ar\/sitio\/tercera-feria-el-sabado-11\/unnamed-1-20\/\" data-orig-file=\"https:\/\/eldiariodesanpedro.com.ar\/sitio\/wp-content\/uploads\/2019\/05\/unnamed-1.png\" data-orig-size=\"794,1123\" data-comments-opened=\"1\" data-image-meta=\"{&quot;aperture&quot;:&quot;0&quot;,&quot;credit&quot;:&quot;&quot;,&quot;camera&quot;:&quot;&quot;,&quot;caption&quot;:&quot;&quot;,&quot;created_timestamp&quot;:&quot;0&quot;,&quot;copyright&quot;:&quot;&quot;,&quot;focal_length&quot;:&quot;0&quot;,&quot;iso&quot;:&quot;0&quot;,&quot;shutter_speed&quot;:&quot;0&quot;,&quot;title&quot;:&quot;&quot;,&quot;orientation&quot;:&quot;0&quot;}\" data-image-title=\"unnamed (1)\" data-image-description=\"\" data-image-caption=\"\" data-large-file=\"https:\/\/eldiariodesanpedro.com.ar\/sitio\/wp-content\/uploads\/2019\/05\/unnamed-1-724x1024.png\" data-src=\"https:\/\/i1.wp.com\/eldiariodesanpedro.com.ar\/sitio\/wp-content\/uploads\/2019\/05\/unnamed-1.png?fit=660%2C933\" alt=\"\" class=\"wp-image-52476 lazyload\" data-srcset=\"https:\/\/eldiariodesanpedro.com.ar\/sitio\/wp-content\/uploads\/2019\/05\/unnamed-1.png 794w, https:\/\/eldiariodesanpedro.com.ar\/sitio\/wp-content\/uploads\/2019\/05\/unnamed-1-212x300.png 212w, https:\/\/eldiariodesanpedro.com.ar\/sitio\/wp-content\/uploads\/2019\/05\/unnamed-1-768x1086.png 768w, https:\/\/eldiariodesanpedro.com.ar\/sitio\/wp-content\/uploads\/2019\/05\/unnamed-1-724x1024.png 724w\" data-sizes=\"(max-width: 794px) 100vw, 794px\" src=\"data:image\/svg+xml;base64,PHN2ZyB3aWR0aD0iMSIgaGVpZ2h0PSIxIiB4bWxucz0iaHR0cDovL3d3dy53My5vcmcvMjAwMC9zdmciPjwvc3ZnPg==\" style=\"--smush-placeholder-width: 794px; --smush-placeholder-aspect-ratio: 794\/1123;\" \/><\/figure>\n","protected":false},"excerpt":{"rendered":"<p>Justo a mitad de oto\u00f1o llega la tercera oportunidad de encuentro entre productores y consumidores de San Pedro con \u201cFrutos de la tierra y el r\u00edo\u201d. Mayo tendr\u00e1 tambi\u00e9n una degustaci\u00f3n de t\u00e9 con rosa del INTA y nuevamente la oportunidad de aprender a compostar los residuos org\u00e1nicos de casa. Con algunos expositores m\u00e1s que [&hellip;]<\/p>\n","protected":false},"author":4,"featured_media":52477,"comment_status":"open","ping_status":"closed","sticky":false,"template":"","format":"standard","meta":{"om_disable_all_campaigns":false,"_jetpack_memberships_contains_paid_content":false,"footnotes":""},"categories":[101,2],"tags":[],"class_list":["post-52475","post","type-post","status-publish","format-standard","has-post-thumbnail","hentry","category-interes-general-locales","category-locales"],"aioseo_notices":[],"gutentor_comment":0,"jetpack_featured_media_url":"https:\/\/eldiariodesanpedro.com.ar\/sitio\/wp-content\/uploads\/2019\/05\/unnamed.png","jetpack_shortlink":"https:\/\/wp.me\/p6RhLt-dEn","jetpack_sharing_enabled":true,"_links":{"self":[{"href":"https:\/\/eldiariodesanpedro.com.ar\/sitio\/wp-json\/wp\/v2\/posts\/52475","targetHints":{"allow":["GET"]}}],"collection":[{"href":"https:\/\/eldiariodesanpedro.com.ar\/sitio\/wp-json\/wp\/v2\/posts"}],"about":[{"href":"https:\/\/eldiariodesanpedro.com.ar\/sitio\/wp-json\/wp\/v2\/types\/post"}],"author":[{"embeddable":true,"href":"https:\/\/eldiariodesanpedro.com.ar\/sitio\/wp-json\/wp\/v2\/users\/4"}],"replies":[{"embeddable":true,"href":"https:\/\/eldiariodesanpedro.com.ar\/sitio\/wp-json\/wp\/v2\/comments?post=52475"}],"version-history":[{"count":1,"href":"https:\/\/eldiariodesanpedro.com.ar\/sitio\/wp-json\/wp\/v2\/posts\/52475\/revisions"}],"predecessor-version":[{"id":52478,"href":"https:\/\/eldiariodesanpedro.com.ar\/sitio\/wp-json\/wp\/v2\/posts\/52475\/revisions\/52478"}],"wp:featuredmedia":[{"embeddable":true,"href":"https:\/\/eldiariodesanpedro.com.ar\/sitio\/wp-json\/wp\/v2\/media\/52477"}],"wp:attachment":[{"href":"https:\/\/eldiariodesanpedro.com.ar\/sitio\/wp-json\/wp\/v2\/media?parent=52475"}],"wp:term":[{"taxonomy":"category","embeddable":true,"href":"https:\/\/eldiariodesanpedro.com.ar\/sitio\/wp-json\/wp\/v2\/categories?post=52475"},{"taxonomy":"post_tag","embeddable":true,"href":"https:\/\/eldiariodesanpedro.com.ar\/sitio\/wp-json\/wp\/v2\/tags?post=52475"}],"curies":[{"name":"wp","href":"https:\/\/api.w.org\/{rel}","templated":true}]}}