{"id":52473,"date":"2019-05-10T10:14:55","date_gmt":"2019-05-10T13:14:55","guid":{"rendered":"https:\/\/eldiariodesanpedro.com.ar\/sitio\/?p=52473"},"modified":"2019-05-10T10:15:00","modified_gmt":"2019-05-10T13:15:00","slug":"violo-el-perimetro-de-acercamiento-y-amenazo-a-su-vecina","status":"publish","type":"post","link":"https:\/\/eldiariodesanpedro.com.ar\/sitio\/violo-el-perimetro-de-acercamiento-y-amenazo-a-su-vecina\/","title":{"rendered":"Violo el per\u00edmetro de acercamiento y amenazo a su vecina"},"content":{"rendered":"<!-- VideographyWP Plugin Message: Automatic video embedding prevented by plugin options. -->\n\n<p>El hecho sucedi\u00f3 en la noche del jueves, cuando una mujer de 31 a\u00f1os de edad, alerto al personal policial, al momento que su vecino la estaba amenazando.<\/p>\n\n\n\n<p>Tras r\u00e1pido accionar del arribo a la vivienda ubicada en Manuel Iglesias al 1600, los efectivos logran aprehender al masculino agresor de 30.<\/p>\n\n\n\n<p>El sujeto tiene per\u00edmetro de acercamiento con la denunciante, quien rompi\u00f3 en la noche del jueves y ademas le profiri\u00f3 amenazas de muerte.<\/p>\n\n\n\n<p>Fue aprehendido y trasladado a la dependencia local a la espera de la intervenci\u00f3n de la fiscalia en turno.<br><\/p>\n","protected":false},"excerpt":{"rendered":"<p>El hecho sucedi\u00f3 en la noche del jueves, cuando una mujer de 31 a\u00f1os de edad, alerto al personal policial, al momento que su vecino la estaba amenazando. Tras r\u00e1pido accionar del arribo a la vivienda ubicada en Manuel Iglesias al 1600, los efectivos logran aprehender al masculino agresor de 30. El sujeto tiene per\u00edmetro [&hellip;]<\/p>\n","protected":false},"author":4,"featured_media":47887,"comment_status":"open","ping_status":"closed","sticky":false,"template":"","format":"standard","meta":{"om_disable_all_campaigns":false,"_jetpack_memberships_contains_paid_content":false,"footnotes":""},"categories":[2,103],"tags":[],"class_list":["post-52473","post","type-post","status-publish","format-standard","has-post-thumbnail","hentry","category-locales","category-policiales-locales"],"aioseo_notices":[],"gutentor_comment":0,"jetpack_featured_media_url":"https:\/\/eldiariodesanpedro.com.ar\/sitio\/wp-content\/uploads\/2019\/02\/patrullero-policia_5.jpg","jetpack_shortlink":"https:\/\/wp.me\/p6RhLt-dEl","jetpack_sharing_enabled":true,"_links":{"self":[{"href":"https:\/\/eldiariodesanpedro.com.ar\/sitio\/wp-json\/wp\/v2\/posts\/52473","targetHints":{"allow":["GET"]}}],"collection":[{"href":"https:\/\/eldiariodesanpedro.com.ar\/sitio\/wp-json\/wp\/v2\/posts"}],"about":[{"href":"https:\/\/eldiariodesanpedro.com.ar\/sitio\/wp-json\/wp\/v2\/types\/post"}],"author":[{"embeddable":true,"href":"https:\/\/eldiariodesanpedro.com.ar\/sitio\/wp-json\/wp\/v2\/users\/4"}],"replies":[{"embeddable":true,"href":"https:\/\/eldiariodesanpedro.com.ar\/sitio\/wp-json\/wp\/v2\/comments?post=52473"}],"version-history":[{"count":1,"href":"https:\/\/eldiariodesanpedro.com.ar\/sitio\/wp-json\/wp\/v2\/posts\/52473\/revisions"}],"predecessor-version":[{"id":52474,"href":"https:\/\/eldiariodesanpedro.com.ar\/sitio\/wp-json\/wp\/v2\/posts\/52473\/revisions\/52474"}],"wp:featuredmedia":[{"embeddable":true,"href":"https:\/\/eldiariodesanpedro.com.ar\/sitio\/wp-json\/wp\/v2\/media\/47887"}],"wp:attachment":[{"href":"https:\/\/eldiariodesanpedro.com.ar\/sitio\/wp-json\/wp\/v2\/media?parent=52473"}],"wp:term":[{"taxonomy":"category","embeddable":true,"href":"https:\/\/eldiariodesanpedro.com.ar\/sitio\/wp-json\/wp\/v2\/categories?post=52473"},{"taxonomy":"post_tag","embeddable":true,"href":"https:\/\/eldiariodesanpedro.com.ar\/sitio\/wp-json\/wp\/v2\/tags?post=52473"}],"curies":[{"name":"wp","href":"https:\/\/api.w.org\/{rel}","templated":true}]}}