{"id":52468,"date":"2019-05-10T09:55:36","date_gmt":"2019-05-10T12:55:36","guid":{"rendered":"https:\/\/eldiariodesanpedro.com.ar\/sitio\/?p=52468"},"modified":"2019-05-10T18:25:49","modified_gmt":"2019-05-10T21:25:49","slug":"denuncian-maltratos-a-nenes-de-tres-anos-en-el-jardin-902","status":"publish","type":"post","link":"https:\/\/eldiariodesanpedro.com.ar\/sitio\/denuncian-maltratos-a-nenes-de-tres-anos-en-el-jardin-902\/","title":{"rendered":"Denuncian maltratos a nenes de tres a\u00f1os en el Jard\u00edn 902"},"content":{"rendered":"<!-- VideographyWP Plugin Message: Automatic video embedding prevented by plugin options. -->\n\n<p>La denuncia la radico este jueves una mama de un ni\u00f1o que concurre a sala de 3, turno tarde, del establecimiento; \u00able agarraba la cara apret\u00e1ndolo, le daba un golpe en la cabeza, le pegaba cachetadas\u00bb, contaba la denunciante a los medios locales.<\/p>\n\n\n\n<p>Esta ma\u00f1ana se conoci\u00f3 la noticia a trav\u00e9s de haber radicado la denuncia una mujer de 24, quien manifest\u00f3 haber sufrido su hijo menor de edad, agresiones verbales y f\u00edsicas de una docente del turno tarde del Jard\u00edn 902.<\/p>\n\n\n\n<p>Desde un medio radial, Joana denunciante, contaba con mucha angustia las situaciones en las que su hijo venia sufriendo con esta maestra, \u00abno es a mi hijo solo, hay mas testimonios de mamas quienes por la tarde est\u00e1n decidiendo denunciar, es muy dif\u00edcil esto, yo lo vengo sufriendo desde principio de a\u00f1o, mi hijo la primer semana me dijo que esta se\u00f1ora le hab\u00eda pegado una cachetada, tuvimos una reuni\u00f3n con la Directora y mucho no nos crey\u00f3\u00bb<\/p>\n\n\n\n<p>\u00abEl empez\u00f3 salita de 3, turno tarde, parece que esta maestra tiene alg\u00fan problema psiqui\u00e1trico, sabemos que no estaba muy bien porque perdi\u00f3 un hijo no hace mucho, pero bueno, no puede estar trabajando, no puede estar a cargo de los ni\u00f1os\u00bb<\/p>\n\n\n\n<p>Luego del testimonio de Joana, se sum\u00f3 otra mam\u00e1 quien contaba tambi\u00e9n otra situaci\u00f3n con su hijo \u00abvamos a ir a la justicia, les grita y les pega, tienen tres a\u00f1os, reci\u00e9n empiezan el Jard\u00edn, c\u00f3mo hacemos para que vayan sin miedo ahora\u00bb.<\/p>\n\n\n\n<p>Por el momento las autoridades del Establecimiento Educativo, tras la reciente denuncia, no han tomado medidas en el caso. La justicia tendr\u00e1 que determinar las sanciones que le corresponden a la docente si se comprobara el maltrato.<\/p>\n","protected":false},"excerpt":{"rendered":"<p>La denuncia la radico este jueves una mama de un ni\u00f1o que concurre a sala de 3, turno tarde, del establecimiento; \u00able agarraba la cara apret\u00e1ndolo, le daba un golpe en la cabeza, le pegaba cachetadas\u00bb, contaba la denunciante a los medios locales. Esta ma\u00f1ana se conoci\u00f3 la noticia a trav\u00e9s de haber radicado la [&hellip;]<\/p>\n","protected":false},"author":4,"featured_media":52469,"comment_status":"open","ping_status":"closed","sticky":false,"template":"","format":"standard","meta":{"om_disable_all_campaigns":false,"_jetpack_memberships_contains_paid_content":false,"footnotes":""},"categories":[2],"tags":[],"class_list":["post-52468","post","type-post","status-publish","format-standard","has-post-thumbnail","hentry","category-locales"],"aioseo_notices":[],"gutentor_comment":0,"jetpack_featured_media_url":"https:\/\/eldiariodesanpedro.com.ar\/sitio\/wp-content\/uploads\/2019\/05\/WhatsApp-Image-2019-05-10-at-09.12.43.jpeg","jetpack_shortlink":"https:\/\/wp.me\/p6RhLt-dEg","jetpack_sharing_enabled":true,"_links":{"self":[{"href":"https:\/\/eldiariodesanpedro.com.ar\/sitio\/wp-json\/wp\/v2\/posts\/52468","targetHints":{"allow":["GET"]}}],"collection":[{"href":"https:\/\/eldiariodesanpedro.com.ar\/sitio\/wp-json\/wp\/v2\/posts"}],"about":[{"href":"https:\/\/eldiariodesanpedro.com.ar\/sitio\/wp-json\/wp\/v2\/types\/post"}],"author":[{"embeddable":true,"href":"https:\/\/eldiariodesanpedro.com.ar\/sitio\/wp-json\/wp\/v2\/users\/4"}],"replies":[{"embeddable":true,"href":"https:\/\/eldiariodesanpedro.com.ar\/sitio\/wp-json\/wp\/v2\/comments?post=52468"}],"version-history":[{"count":3,"href":"https:\/\/eldiariodesanpedro.com.ar\/sitio\/wp-json\/wp\/v2\/posts\/52468\/revisions"}],"predecessor-version":[{"id":52519,"href":"https:\/\/eldiariodesanpedro.com.ar\/sitio\/wp-json\/wp\/v2\/posts\/52468\/revisions\/52519"}],"wp:featuredmedia":[{"embeddable":true,"href":"https:\/\/eldiariodesanpedro.com.ar\/sitio\/wp-json\/wp\/v2\/media\/52469"}],"wp:attachment":[{"href":"https:\/\/eldiariodesanpedro.com.ar\/sitio\/wp-json\/wp\/v2\/media?parent=52468"}],"wp:term":[{"taxonomy":"category","embeddable":true,"href":"https:\/\/eldiariodesanpedro.com.ar\/sitio\/wp-json\/wp\/v2\/categories?post=52468"},{"taxonomy":"post_tag","embeddable":true,"href":"https:\/\/eldiariodesanpedro.com.ar\/sitio\/wp-json\/wp\/v2\/tags?post=52468"}],"curies":[{"name":"wp","href":"https:\/\/api.w.org\/{rel}","templated":true}]}}