{"id":52463,"date":"2019-05-09T18:20:00","date_gmt":"2019-05-09T21:20:00","guid":{"rendered":"https:\/\/eldiariodesanpedro.com.ar\/sitio\/?p=52463"},"modified":"2019-05-09T18:20:11","modified_gmt":"2019-05-09T21:20:11","slug":"el-intendente-dio-sus-condolencias-y-pide-justicia-por-lo-sucedido-en-las-afueras-del-congreso","status":"publish","type":"post","link":"https:\/\/eldiariodesanpedro.com.ar\/sitio\/el-intendente-dio-sus-condolencias-y-pide-justicia-por-lo-sucedido-en-las-afueras-del-congreso\/","title":{"rendered":"El Intendente dio sus condolencias y pide justicia por lo sucedido en las afueras del Congreso"},"content":{"rendered":"<!-- VideographyWP Plugin Message: Automatic video embedding prevented by plugin options. -->\n\n<p>El Intendente Municipal de San Pedro, en su nombre y en el de todos los integrantes de su gobierno expresan, con tristeza y preocupaci\u00f3n,  el acompa\u00f1amiento a la familia, colaboradores y allegados del Diputado Nacional H\u00e9ctor Olivares,  y sus condolencias, por la muerte de su colaborador Miguel Yad\u00f3n. <\/p>\n\n\n\n<p>El atentado del que fueron objeto esta ma\u00f1ana, es una alarmante se\u00f1al de alerta ante el delicado momento que se transita en nuestra sociedad y exige una r\u00e1pida y eficaz investigaci\u00f3n.  <\/p>\n\n\n\n<p>Episodios como \u00e9ste que recuerdan tristes p\u00e1ginas de nuestra historia, deben unir a toda la sociedad, sin ning\u00fan tipo de distinciones, para fortalecer el accionar independiente de sus instituciones, el derecho a la libertad y un funcionamiento pleno de la Justicia, como garant\u00eda insoslayable del sistema democr\u00e1tico en el que todos deseamos convivir para siempre.<\/p>\n\n\n\n<p><em>Cecilio Salazar<\/em><br>\n<em>Intendente Municipal<\/em><\/p>\n","protected":false},"excerpt":{"rendered":"<p>El Intendente Municipal de San Pedro, en su nombre y en el de todos los integrantes de su gobierno expresan, con tristeza y preocupaci\u00f3n, el acompa\u00f1amiento a la familia, colaboradores y allegados del Diputado Nacional H\u00e9ctor Olivares, y sus condolencias, por la muerte de su colaborador Miguel Yad\u00f3n. El atentado del que fueron objeto esta [&hellip;]<\/p>\n","protected":false},"author":4,"featured_media":52464,"comment_status":"open","ping_status":"closed","sticky":false,"template":"","format":"standard","meta":{"om_disable_all_campaigns":false,"_jetpack_memberships_contains_paid_content":false,"footnotes":""},"categories":[2,102],"tags":[],"class_list":["post-52463","post","type-post","status-publish","format-standard","has-post-thumbnail","hentry","category-locales","category-politica-locales"],"aioseo_notices":[],"gutentor_comment":0,"jetpack_featured_media_url":"https:\/\/eldiariodesanpedro.com.ar\/sitio\/wp-content\/uploads\/2019\/05\/761220.jpg","jetpack_shortlink":"https:\/\/wp.me\/p6RhLt-dEb","jetpack_sharing_enabled":true,"_links":{"self":[{"href":"https:\/\/eldiariodesanpedro.com.ar\/sitio\/wp-json\/wp\/v2\/posts\/52463","targetHints":{"allow":["GET"]}}],"collection":[{"href":"https:\/\/eldiariodesanpedro.com.ar\/sitio\/wp-json\/wp\/v2\/posts"}],"about":[{"href":"https:\/\/eldiariodesanpedro.com.ar\/sitio\/wp-json\/wp\/v2\/types\/post"}],"author":[{"embeddable":true,"href":"https:\/\/eldiariodesanpedro.com.ar\/sitio\/wp-json\/wp\/v2\/users\/4"}],"replies":[{"embeddable":true,"href":"https:\/\/eldiariodesanpedro.com.ar\/sitio\/wp-json\/wp\/v2\/comments?post=52463"}],"version-history":[{"count":1,"href":"https:\/\/eldiariodesanpedro.com.ar\/sitio\/wp-json\/wp\/v2\/posts\/52463\/revisions"}],"predecessor-version":[{"id":52465,"href":"https:\/\/eldiariodesanpedro.com.ar\/sitio\/wp-json\/wp\/v2\/posts\/52463\/revisions\/52465"}],"wp:featuredmedia":[{"embeddable":true,"href":"https:\/\/eldiariodesanpedro.com.ar\/sitio\/wp-json\/wp\/v2\/media\/52464"}],"wp:attachment":[{"href":"https:\/\/eldiariodesanpedro.com.ar\/sitio\/wp-json\/wp\/v2\/media?parent=52463"}],"wp:term":[{"taxonomy":"category","embeddable":true,"href":"https:\/\/eldiariodesanpedro.com.ar\/sitio\/wp-json\/wp\/v2\/categories?post=52463"},{"taxonomy":"post_tag","embeddable":true,"href":"https:\/\/eldiariodesanpedro.com.ar\/sitio\/wp-json\/wp\/v2\/tags?post=52463"}],"curies":[{"name":"wp","href":"https:\/\/api.w.org\/{rel}","templated":true}]}}