{"id":52458,"date":"2019-05-09T11:02:23","date_gmt":"2019-05-09T14:02:23","guid":{"rendered":"https:\/\/eldiariodesanpedro.com.ar\/sitio\/?p=52458"},"modified":"2019-05-09T11:02:34","modified_gmt":"2019-05-09T14:02:34","slug":"baradero-un-auto-volco-en-el-km-132-de-la-ruta-9","status":"publish","type":"post","link":"https:\/\/eldiariodesanpedro.com.ar\/sitio\/baradero-un-auto-volco-en-el-km-132-de-la-ruta-9\/","title":{"rendered":"BARADERO: Un auto volc\u00f3 en el km. 132 de la Ruta 9"},"content":{"rendered":"<!-- VideographyWP Plugin Message: Automatic video embedding prevented by plugin options. -->\n\n<p>No se registraron herido. El impacto se produjo contra el guardarrail, lo que provoca el vuelco. Ocurri\u00f3 en la madrugada de ayer, en el km 132 mano de Z\u00e1rate a Baradero.<\/p>\n\n\n\n<p>El chofer es un Remisero de Z\u00e1rate y el pasajero es oriundo de Baradero. Seg\u00fan se pudo stbalecer, el remisero se habr\u00eda quedado dormido. Afortunadamente no hubo heridos.<br>El impacto fue contra el guardarrail, lo que provoca el vuelco, dan vueltas y caen en un zanj\u00f3n.<\/p>\n\n\n\n<p> Fuente: Tu Radio Baradero <\/p>\n","protected":false},"excerpt":{"rendered":"<p>No se registraron herido. El impacto se produjo contra el guardarrail, lo que provoca el vuelco. Ocurri\u00f3 en la madrugada de ayer, en el km 132 mano de Z\u00e1rate a Baradero. El chofer es un Remisero de Z\u00e1rate y el pasajero es oriundo de Baradero. Seg\u00fan se pudo stbalecer, el remisero se habr\u00eda quedado dormido. [&hellip;]<\/p>\n","protected":false},"author":4,"featured_media":52459,"comment_status":"open","ping_status":"closed","sticky":false,"template":"","format":"standard","meta":{"om_disable_all_campaigns":false,"_jetpack_memberships_contains_paid_content":false,"footnotes":""},"categories":[621],"tags":[],"class_list":["post-52458","post","type-post","status-publish","format-standard","has-post-thumbnail","hentry","category-regionales"],"aioseo_notices":[],"gutentor_comment":0,"jetpack_featured_media_url":"https:\/\/eldiariodesanpedro.com.ar\/sitio\/wp-content\/uploads\/2019\/05\/59847818_2035494116760355_72972254568251392_n.jpg","jetpack_shortlink":"https:\/\/wp.me\/p6RhLt-dE6","jetpack_sharing_enabled":true,"_links":{"self":[{"href":"https:\/\/eldiariodesanpedro.com.ar\/sitio\/wp-json\/wp\/v2\/posts\/52458","targetHints":{"allow":["GET"]}}],"collection":[{"href":"https:\/\/eldiariodesanpedro.com.ar\/sitio\/wp-json\/wp\/v2\/posts"}],"about":[{"href":"https:\/\/eldiariodesanpedro.com.ar\/sitio\/wp-json\/wp\/v2\/types\/post"}],"author":[{"embeddable":true,"href":"https:\/\/eldiariodesanpedro.com.ar\/sitio\/wp-json\/wp\/v2\/users\/4"}],"replies":[{"embeddable":true,"href":"https:\/\/eldiariodesanpedro.com.ar\/sitio\/wp-json\/wp\/v2\/comments?post=52458"}],"version-history":[{"count":1,"href":"https:\/\/eldiariodesanpedro.com.ar\/sitio\/wp-json\/wp\/v2\/posts\/52458\/revisions"}],"predecessor-version":[{"id":52460,"href":"https:\/\/eldiariodesanpedro.com.ar\/sitio\/wp-json\/wp\/v2\/posts\/52458\/revisions\/52460"}],"wp:featuredmedia":[{"embeddable":true,"href":"https:\/\/eldiariodesanpedro.com.ar\/sitio\/wp-json\/wp\/v2\/media\/52459"}],"wp:attachment":[{"href":"https:\/\/eldiariodesanpedro.com.ar\/sitio\/wp-json\/wp\/v2\/media?parent=52458"}],"wp:term":[{"taxonomy":"category","embeddable":true,"href":"https:\/\/eldiariodesanpedro.com.ar\/sitio\/wp-json\/wp\/v2\/categories?post=52458"},{"taxonomy":"post_tag","embeddable":true,"href":"https:\/\/eldiariodesanpedro.com.ar\/sitio\/wp-json\/wp\/v2\/tags?post=52458"}],"curies":[{"name":"wp","href":"https:\/\/api.w.org\/{rel}","templated":true}]}}