{"id":52455,"date":"2019-05-09T11:00:11","date_gmt":"2019-05-09T14:00:11","guid":{"rendered":"https:\/\/eldiariodesanpedro.com.ar\/sitio\/?p=52455"},"modified":"2019-05-09T11:00:21","modified_gmt":"2019-05-09T14:00:21","slug":"baradero-ate-permanece-en-estado-de-asamblea","status":"publish","type":"post","link":"https:\/\/eldiariodesanpedro.com.ar\/sitio\/baradero-ate-permanece-en-estado-de-asamblea\/","title":{"rendered":"BARADERO: ATE permanece en Estado de Asamblea"},"content":{"rendered":"<!-- VideographyWP Plugin Message: Automatic video embedding prevented by plugin options. -->\n\n<p>\n\nTras el paro convocado por la CTA a nivel Nacional, desde el gremio han determinado permanecer en Estado de Asamblea permanente..<\/p>\n\n\n\n<p>Afiliados pertenecientes al gremio de ATE y otros empleados municipales que se adhierieron el pasado 30 de abril al Paro convocado por la CTA a nivel Nacional, han determinado permanecer en Estado de Asamblea permanente, seg\u00fan&nbsp;lo confirm\u00f3 el secretario general de ATE, Miguel Mossi.<\/p>\n\n\n\n<p>\u00c9sta decisi\u00f3n se debe a que el Ejecutivo Municipal les descont\u00f3 la jornada del 30 de Abril, seg\u00fan los empleados por adherirse al paro.<\/p>\n\n\n\n<p>Fuente: Baradero Hoy<\/p>\n","protected":false},"excerpt":{"rendered":"<p>Tras el paro convocado por la CTA a nivel Nacional, desde el gremio han determinado permanecer en Estado de Asamblea permanente.. Afiliados pertenecientes al gremio de ATE y otros empleados municipales que se adhierieron el pasado 30 de abril al Paro convocado por la CTA a nivel Nacional, han determinado permanecer en Estado de Asamblea [&hellip;]<\/p>\n","protected":false},"author":4,"featured_media":52456,"comment_status":"open","ping_status":"closed","sticky":false,"template":"","format":"standard","meta":{"om_disable_all_campaigns":false,"_jetpack_memberships_contains_paid_content":false,"footnotes":""},"categories":[621],"tags":[],"class_list":["post-52455","post","type-post","status-publish","format-standard","has-post-thumbnail","hentry","category-regionales"],"aioseo_notices":[],"gutentor_comment":0,"jetpack_featured_media_url":"https:\/\/eldiariodesanpedro.com.ar\/sitio\/wp-content\/uploads\/2019\/05\/miguel-mossi-1.jpg","jetpack_shortlink":"https:\/\/wp.me\/p6RhLt-dE3","jetpack_sharing_enabled":true,"_links":{"self":[{"href":"https:\/\/eldiariodesanpedro.com.ar\/sitio\/wp-json\/wp\/v2\/posts\/52455","targetHints":{"allow":["GET"]}}],"collection":[{"href":"https:\/\/eldiariodesanpedro.com.ar\/sitio\/wp-json\/wp\/v2\/posts"}],"about":[{"href":"https:\/\/eldiariodesanpedro.com.ar\/sitio\/wp-json\/wp\/v2\/types\/post"}],"author":[{"embeddable":true,"href":"https:\/\/eldiariodesanpedro.com.ar\/sitio\/wp-json\/wp\/v2\/users\/4"}],"replies":[{"embeddable":true,"href":"https:\/\/eldiariodesanpedro.com.ar\/sitio\/wp-json\/wp\/v2\/comments?post=52455"}],"version-history":[{"count":1,"href":"https:\/\/eldiariodesanpedro.com.ar\/sitio\/wp-json\/wp\/v2\/posts\/52455\/revisions"}],"predecessor-version":[{"id":52457,"href":"https:\/\/eldiariodesanpedro.com.ar\/sitio\/wp-json\/wp\/v2\/posts\/52455\/revisions\/52457"}],"wp:featuredmedia":[{"embeddable":true,"href":"https:\/\/eldiariodesanpedro.com.ar\/sitio\/wp-json\/wp\/v2\/media\/52456"}],"wp:attachment":[{"href":"https:\/\/eldiariodesanpedro.com.ar\/sitio\/wp-json\/wp\/v2\/media?parent=52455"}],"wp:term":[{"taxonomy":"category","embeddable":true,"href":"https:\/\/eldiariodesanpedro.com.ar\/sitio\/wp-json\/wp\/v2\/categories?post=52455"},{"taxonomy":"post_tag","embeddable":true,"href":"https:\/\/eldiariodesanpedro.com.ar\/sitio\/wp-json\/wp\/v2\/tags?post=52455"}],"curies":[{"name":"wp","href":"https:\/\/api.w.org\/{rel}","templated":true}]}}