{"id":52451,"date":"2019-05-09T10:58:14","date_gmt":"2019-05-09T13:58:14","guid":{"rendered":"https:\/\/eldiariodesanpedro.com.ar\/sitio\/?p=52451"},"modified":"2019-05-09T10:58:51","modified_gmt":"2019-05-09T13:58:51","slug":"campana-impactante-choque-entre-micro-y-camioneta-en-pleno-centro","status":"publish","type":"post","link":"https:\/\/eldiariodesanpedro.com.ar\/sitio\/campana-impactante-choque-entre-micro-y-camioneta-en-pleno-centro\/","title":{"rendered":"CAMPANA: Impactante choque entre micro y camioneta en pleno centro"},"content":{"rendered":"<!-- VideographyWP Plugin Message: Automatic video embedding prevented by plugin options. -->\n\n<p>\n\nFue esta ma\u00f1ana a las 6:30 en la intersecci\u00f3n de las calles Jacob y Belgrano de nuestra ciudad. Un micro de Chevallier Costera, precisamente el interno N\u00b0 301 dio de lleno en el lateral derecho de una camioneta marca Ford Ranger color gris, dominio colocado MGQ408 de la empresa Fapco\/Siderec de la ciudad de San Nicolas.<\/p>\n\n\n\n<p>La camioneta gir\u00f3 en modo de trompo y recibi\u00f3 doble impacto subiendo a la vereda de la vivienda de la esquina mencionada,&nbsp; quedando pegada de frente al micro lo que hizo que en principio tuvieran que romper un vidrio de la puerta de ascenso de pasajeros para que bajaran las personas que iban a bordo del Chevallier.<\/p>\n\n\n\n<p>No se registraron heridos, solo el conductor de la camioneta ten\u00eda cortes superficiales que fueron inspeccionados por personal del SAME que se hizo presente con la ambulancia en el lugar. El herido se neg\u00f3 a ser trasladado por prevenci\u00f3n al HMSJ.<\/p>\n\n\n\n<p>Participaron del operativo Comando de Patrulla y personal de Tr\u00e1nsito y Transporte de la Municipalidad de Campana que cercaron la circulaci\u00f3n de veh\u00edculos a 100 metros de cada lado conservando la zona del accidente.<\/p>\n\n\n\n<p>La velocidad y la hora fueron factores fundamentales en la provocaci\u00f3n del accidente.<\/p>\n\n\n\n<p>Fuente: Campana Argentina<\/p>\n","protected":false},"excerpt":{"rendered":"<p>Fue esta ma\u00f1ana a las 6:30 en la intersecci\u00f3n de las calles Jacob y Belgrano de nuestra ciudad. Un micro de Chevallier Costera, precisamente el interno N\u00b0 301 dio de lleno en el lateral derecho de una camioneta marca Ford Ranger color gris, dominio colocado MGQ408 de la empresa Fapco\/Siderec de la ciudad de San [&hellip;]<\/p>\n","protected":false},"author":4,"featured_media":52452,"comment_status":"open","ping_status":"closed","sticky":false,"template":"","format":"standard","meta":{"om_disable_all_campaigns":false,"_jetpack_memberships_contains_paid_content":false,"footnotes":""},"categories":[621],"tags":[],"class_list":["post-52451","post","type-post","status-publish","format-standard","has-post-thumbnail","hentry","category-regionales"],"aioseo_notices":[],"gutentor_comment":0,"jetpack_featured_media_url":"https:\/\/eldiariodesanpedro.com.ar\/sitio\/wp-content\/uploads\/2019\/05\/cha_0812.jpg","jetpack_shortlink":"https:\/\/wp.me\/p6RhLt-dDZ","jetpack_sharing_enabled":true,"_links":{"self":[{"href":"https:\/\/eldiariodesanpedro.com.ar\/sitio\/wp-json\/wp\/v2\/posts\/52451","targetHints":{"allow":["GET"]}}],"collection":[{"href":"https:\/\/eldiariodesanpedro.com.ar\/sitio\/wp-json\/wp\/v2\/posts"}],"about":[{"href":"https:\/\/eldiariodesanpedro.com.ar\/sitio\/wp-json\/wp\/v2\/types\/post"}],"author":[{"embeddable":true,"href":"https:\/\/eldiariodesanpedro.com.ar\/sitio\/wp-json\/wp\/v2\/users\/4"}],"replies":[{"embeddable":true,"href":"https:\/\/eldiariodesanpedro.com.ar\/sitio\/wp-json\/wp\/v2\/comments?post=52451"}],"version-history":[{"count":2,"href":"https:\/\/eldiariodesanpedro.com.ar\/sitio\/wp-json\/wp\/v2\/posts\/52451\/revisions"}],"predecessor-version":[{"id":52454,"href":"https:\/\/eldiariodesanpedro.com.ar\/sitio\/wp-json\/wp\/v2\/posts\/52451\/revisions\/52454"}],"wp:featuredmedia":[{"embeddable":true,"href":"https:\/\/eldiariodesanpedro.com.ar\/sitio\/wp-json\/wp\/v2\/media\/52452"}],"wp:attachment":[{"href":"https:\/\/eldiariodesanpedro.com.ar\/sitio\/wp-json\/wp\/v2\/media?parent=52451"}],"wp:term":[{"taxonomy":"category","embeddable":true,"href":"https:\/\/eldiariodesanpedro.com.ar\/sitio\/wp-json\/wp\/v2\/categories?post=52451"},{"taxonomy":"post_tag","embeddable":true,"href":"https:\/\/eldiariodesanpedro.com.ar\/sitio\/wp-json\/wp\/v2\/tags?post=52451"}],"curies":[{"name":"wp","href":"https:\/\/api.w.org\/{rel}","templated":true}]}}