{"id":52443,"date":"2019-05-09T10:54:06","date_gmt":"2019-05-09T13:54:06","guid":{"rendered":"https:\/\/eldiariodesanpedro.com.ar\/sitio\/?p=52443"},"modified":"2019-05-09T10:54:15","modified_gmt":"2019-05-09T13:54:15","slug":"san-nicolas-vuelve-acercarte-a-la-localidad","status":"publish","type":"post","link":"https:\/\/eldiariodesanpedro.com.ar\/sitio\/san-nicolas-vuelve-acercarte-a-la-localidad\/","title":{"rendered":"SAN NICOL\u00c1S: Vuelve \u00abAcercarte\u00bb a la localidad"},"content":{"rendered":"<!-- VideographyWP Plugin Message: Automatic video embedding prevented by plugin options. -->\n\n<p>El programa de actividades culturales y espect\u00e1culos art\u00edsticos m\u00e1s importante de la provincia llegar\u00e1 a nuestra ciudad el 18 y 19 de este mes, con propuestas totalmente gratuitas para que los vecinos de la ciudad puedan disfrutarlas en familia y con amigos. <\/p>\n\n\n\n<p>Con M\u00fasica, stand up, cine m\u00f3vil, espect\u00e1culos infantiles, teatro, arte callejero, talleres de reutilizaci\u00f3n creativa, artes pl\u00e1sticas, realidad virtual, circo y danza urbana, Acercarte arribar\u00e1 a San Nicol\u00e1s despu\u00e9s de recorrer ciudades como Tandil, Olavarr\u00eda y Campana. <\/p>\n\n\n\n<p>Las actividades permanentes comenzar\u00e1n a las 15.00, mientras el cierre ser\u00e1 a las 20.00 con espect\u00e1culos de artistas de primer nivel como Los Nocheros y Patricia Sosa. <\/p>\n\n\n\n<p>En tanto, a las 21:30 los visitantes podr\u00e1n acercarse al Teatro Municipal para disfrutar de dos grandes del teatro argentino como lo son Graciela Borges y Fabi\u00e1n Vena. <\/p>\n\n\n\n<p>Las entradas se entregar\u00e1n en el predio a partir de las 15.00.Acercarte es un programa del Gobierno de la Provincia de Buenos Aires que naci\u00f3 con el objetivo de acercarle actividades art\u00edsticas y espect\u00e1culos de calidad a todas las localidades bonaerenses, de manera gratuita y para toda la familia. <\/p>\n\n\n\n<p>Fuente: Diario El Norte<\/p>\n","protected":false},"excerpt":{"rendered":"<p>El programa de actividades culturales y espect\u00e1culos art\u00edsticos m\u00e1s importante de la provincia llegar\u00e1 a nuestra ciudad el 18 y 19 de este mes, con propuestas totalmente gratuitas para que los vecinos de la ciudad puedan disfrutarlas en familia y con amigos. Con M\u00fasica, stand up, cine m\u00f3vil, espect\u00e1culos infantiles, teatro, arte callejero, talleres de [&hellip;]<\/p>\n","protected":false},"author":4,"featured_media":52446,"comment_status":"open","ping_status":"closed","sticky":false,"template":"","format":"standard","meta":{"om_disable_all_campaigns":false,"_jetpack_memberships_contains_paid_content":false,"footnotes":""},"categories":[621],"tags":[],"class_list":["post-52443","post","type-post","status-publish","format-standard","has-post-thumbnail","hentry","category-regionales"],"aioseo_notices":[],"gutentor_comment":0,"jetpack_featured_media_url":"https:\/\/eldiariodesanpedro.com.ar\/sitio\/wp-content\/uploads\/2019\/05\/0.jpg","jetpack_shortlink":"https:\/\/wp.me\/p6RhLt-dDR","jetpack_sharing_enabled":true,"_links":{"self":[{"href":"https:\/\/eldiariodesanpedro.com.ar\/sitio\/wp-json\/wp\/v2\/posts\/52443","targetHints":{"allow":["GET"]}}],"collection":[{"href":"https:\/\/eldiariodesanpedro.com.ar\/sitio\/wp-json\/wp\/v2\/posts"}],"about":[{"href":"https:\/\/eldiariodesanpedro.com.ar\/sitio\/wp-json\/wp\/v2\/types\/post"}],"author":[{"embeddable":true,"href":"https:\/\/eldiariodesanpedro.com.ar\/sitio\/wp-json\/wp\/v2\/users\/4"}],"replies":[{"embeddable":true,"href":"https:\/\/eldiariodesanpedro.com.ar\/sitio\/wp-json\/wp\/v2\/comments?post=52443"}],"version-history":[{"count":1,"href":"https:\/\/eldiariodesanpedro.com.ar\/sitio\/wp-json\/wp\/v2\/posts\/52443\/revisions"}],"predecessor-version":[{"id":52447,"href":"https:\/\/eldiariodesanpedro.com.ar\/sitio\/wp-json\/wp\/v2\/posts\/52443\/revisions\/52447"}],"wp:featuredmedia":[{"embeddable":true,"href":"https:\/\/eldiariodesanpedro.com.ar\/sitio\/wp-json\/wp\/v2\/media\/52446"}],"wp:attachment":[{"href":"https:\/\/eldiariodesanpedro.com.ar\/sitio\/wp-json\/wp\/v2\/media?parent=52443"}],"wp:term":[{"taxonomy":"category","embeddable":true,"href":"https:\/\/eldiariodesanpedro.com.ar\/sitio\/wp-json\/wp\/v2\/categories?post=52443"},{"taxonomy":"post_tag","embeddable":true,"href":"https:\/\/eldiariodesanpedro.com.ar\/sitio\/wp-json\/wp\/v2\/tags?post=52443"}],"curies":[{"name":"wp","href":"https:\/\/api.w.org\/{rel}","templated":true}]}}