{"id":52435,"date":"2019-05-09T10:52:53","date_gmt":"2019-05-09T13:52:53","guid":{"rendered":"https:\/\/eldiariodesanpedro.com.ar\/sitio\/?p=52435"},"modified":"2019-05-09T10:53:06","modified_gmt":"2019-05-09T13:53:06","slug":"hoy-capacitacion-en-rcp-hospital-privado-sadiv","status":"publish","type":"post","link":"https:\/\/eldiariodesanpedro.com.ar\/sitio\/hoy-capacitacion-en-rcp-hospital-privado-sadiv\/","title":{"rendered":"HOY: Capacitaci\u00f3n en RCP, Hospital Privado SADIV"},"content":{"rendered":"<!-- VideographyWP Plugin Message: Automatic video embedding prevented by plugin options. -->\n\n<p>Se estar\u00e1n realizando este jueves por la ma\u00f1ana de 10 y 30 a 12 horas, y por la tarde de 14 a 15 y 30 horas. El lugar del evento es en calle Sarmiento 2795, Clinica Privada SADIV.<\/p>\n\n\n\n<p>RCP o Reanimaci\u00f3n cardiopulmonar, son las t\u00e9cnicas de salvataje que consisten principalmente en el masaje card\u00edaco externo, compresiones tor\u00e1cicas y respiraci\u00f3n artificial.<\/p>\n\n\n\n<p>Dicha capacitaci\u00f3n estar\u00e1 a cargo del servicio de Terapia Intensiva y Emergencias del Hospital Universitario Austral, con el prop\u00f3sito de formar a todo el personal administrativo en contenidos y maneras de proceder ante una situaci\u00f3n de emergencia.<\/p>\n","protected":false},"excerpt":{"rendered":"<p>Se estar\u00e1n realizando este jueves por la ma\u00f1ana de 10 y 30 a 12 horas, y por la tarde de 14 a 15 y 30 horas. El lugar del evento es en calle Sarmiento 2795, Clinica Privada SADIV. RCP o Reanimaci\u00f3n cardiopulmonar, son las t\u00e9cnicas de salvataje que consisten principalmente en el masaje card\u00edaco externo, [&hellip;]<\/p>\n","protected":false},"author":4,"featured_media":52444,"comment_status":"open","ping_status":"closed","sticky":false,"template":"","format":"standard","meta":{"om_disable_all_campaigns":false,"_jetpack_memberships_contains_paid_content":false,"footnotes":""},"categories":[101,2],"tags":[],"class_list":["post-52435","post","type-post","status-publish","format-standard","has-post-thumbnail","hentry","category-interes-general-locales","category-locales"],"aioseo_notices":[],"gutentor_comment":0,"jetpack_featured_media_url":"https:\/\/eldiariodesanpedro.com.ar\/sitio\/wp-content\/uploads\/2019\/05\/WhatsApp-Image-2019-05-09-at-10.41.10-AM.jpeg","jetpack_shortlink":"https:\/\/wp.me\/p6RhLt-dDJ","jetpack_sharing_enabled":true,"_links":{"self":[{"href":"https:\/\/eldiariodesanpedro.com.ar\/sitio\/wp-json\/wp\/v2\/posts\/52435","targetHints":{"allow":["GET"]}}],"collection":[{"href":"https:\/\/eldiariodesanpedro.com.ar\/sitio\/wp-json\/wp\/v2\/posts"}],"about":[{"href":"https:\/\/eldiariodesanpedro.com.ar\/sitio\/wp-json\/wp\/v2\/types\/post"}],"author":[{"embeddable":true,"href":"https:\/\/eldiariodesanpedro.com.ar\/sitio\/wp-json\/wp\/v2\/users\/4"}],"replies":[{"embeddable":true,"href":"https:\/\/eldiariodesanpedro.com.ar\/sitio\/wp-json\/wp\/v2\/comments?post=52435"}],"version-history":[{"count":1,"href":"https:\/\/eldiariodesanpedro.com.ar\/sitio\/wp-json\/wp\/v2\/posts\/52435\/revisions"}],"predecessor-version":[{"id":52445,"href":"https:\/\/eldiariodesanpedro.com.ar\/sitio\/wp-json\/wp\/v2\/posts\/52435\/revisions\/52445"}],"wp:featuredmedia":[{"embeddable":true,"href":"https:\/\/eldiariodesanpedro.com.ar\/sitio\/wp-json\/wp\/v2\/media\/52444"}],"wp:attachment":[{"href":"https:\/\/eldiariodesanpedro.com.ar\/sitio\/wp-json\/wp\/v2\/media?parent=52435"}],"wp:term":[{"taxonomy":"category","embeddable":true,"href":"https:\/\/eldiariodesanpedro.com.ar\/sitio\/wp-json\/wp\/v2\/categories?post=52435"},{"taxonomy":"post_tag","embeddable":true,"href":"https:\/\/eldiariodesanpedro.com.ar\/sitio\/wp-json\/wp\/v2\/tags?post=52435"}],"curies":[{"name":"wp","href":"https:\/\/api.w.org\/{rel}","templated":true}]}}