{"id":52434,"date":"2019-05-09T10:48:19","date_gmt":"2019-05-09T13:48:19","guid":{"rendered":"https:\/\/eldiariodesanpedro.com.ar\/sitio\/?p=52434"},"modified":"2019-05-09T10:48:29","modified_gmt":"2019-05-09T13:48:29","slug":"agro-2023-en-san-pedro","status":"publish","type":"post","link":"https:\/\/eldiariodesanpedro.com.ar\/sitio\/agro-2023-en-san-pedro\/","title":{"rendered":"Agro 2023 en San Pedro"},"content":{"rendered":"<!-- VideographyWP Plugin Message: Automatic video embedding prevented by plugin options. -->\n\n<p> La ciudad de San Pedro ser\u00e1 sede del Primer Encuentro de mesas regionales AGRO 2023, organizada por el Ministerio de Agroindustria de la Provincia de Buenos Aires.<\/p>\n\n\n\n<p>La actividad ser\u00e1 el pr\u00f3ximo mi\u00e9rcoles 15 de mayo a las 13hs en el Sal\u00f3n de Eventos de La Santina, con presencia de autoridades y t\u00e9cnicos del Ministerio. El objetivo es \u201cPensar Juntos la Agroindustria que se viene\u201d.<br>Convocamos a todos los integrantes de la cadena agroindustrial: Productores, Entidades, Empresarios, Bancos, Industrias y dirigentes pol\u00edticos locales.<\/p>\n\n\n\n<p>Invitan: Ministerio de Agroindustria de la Provincia de Buenos Aires y la Municipalidad de San Pedro. <\/p>\n\n\n\n<figure class=\"wp-block-image\"><img decoding=\"async\" width=\"935\" height=\"552\" data-attachment-id=\"52437\" data-permalink=\"https:\/\/eldiariodesanpedro.com.ar\/sitio\/agro-2023-en-san-pedro\/59874758_2231713663589963_1208231526509051904_n\/\" data-orig-file=\"https:\/\/eldiariodesanpedro.com.ar\/sitio\/wp-content\/uploads\/2019\/05\/59874758_2231713663589963_1208231526509051904_n.png\" data-orig-size=\"935,552\" data-comments-opened=\"1\" data-image-meta=\"{&quot;aperture&quot;:&quot;0&quot;,&quot;credit&quot;:&quot;&quot;,&quot;camera&quot;:&quot;&quot;,&quot;caption&quot;:&quot;&quot;,&quot;created_timestamp&quot;:&quot;0&quot;,&quot;copyright&quot;:&quot;&quot;,&quot;focal_length&quot;:&quot;0&quot;,&quot;iso&quot;:&quot;0&quot;,&quot;shutter_speed&quot;:&quot;0&quot;,&quot;title&quot;:&quot;&quot;,&quot;orientation&quot;:&quot;0&quot;}\" data-image-title=\"59874758_2231713663589963_1208231526509051904_n\" data-image-description=\"\" data-image-caption=\"\" data-large-file=\"https:\/\/eldiariodesanpedro.com.ar\/sitio\/wp-content\/uploads\/2019\/05\/59874758_2231713663589963_1208231526509051904_n.png\" data-src=\"https:\/\/eldiariodesanpedro.com.ar\/sitio\/wp-content\/uploads\/2019\/05\/59874758_2231713663589963_1208231526509051904_n.png\" alt=\"\" class=\"wp-image-52437 lazyload\" data-srcset=\"https:\/\/eldiariodesanpedro.com.ar\/sitio\/wp-content\/uploads\/2019\/05\/59874758_2231713663589963_1208231526509051904_n.png 935w, https:\/\/eldiariodesanpedro.com.ar\/sitio\/wp-content\/uploads\/2019\/05\/59874758_2231713663589963_1208231526509051904_n-300x177.png 300w, https:\/\/eldiariodesanpedro.com.ar\/sitio\/wp-content\/uploads\/2019\/05\/59874758_2231713663589963_1208231526509051904_n-768x453.png 768w\" data-sizes=\"(max-width: 935px) 100vw, 935px\" src=\"data:image\/svg+xml;base64,PHN2ZyB3aWR0aD0iMSIgaGVpZ2h0PSIxIiB4bWxucz0iaHR0cDovL3d3dy53My5vcmcvMjAwMC9zdmciPjwvc3ZnPg==\" style=\"--smush-placeholder-width: 935px; --smush-placeholder-aspect-ratio: 935\/552;\" \/><\/figure>\n","protected":false},"excerpt":{"rendered":"<p>La ciudad de San Pedro ser\u00e1 sede del Primer Encuentro de mesas regionales AGRO 2023, organizada por el Ministerio de Agroindustria de la Provincia de Buenos Aires. La actividad ser\u00e1 el pr\u00f3ximo mi\u00e9rcoles 15 de mayo a las 13hs en el Sal\u00f3n de Eventos de La Santina, con presencia de autoridades y t\u00e9cnicos del Ministerio. [&hellip;]<\/p>\n","protected":false},"author":4,"featured_media":52436,"comment_status":"open","ping_status":"closed","sticky":false,"template":"","format":"standard","meta":{"om_disable_all_campaigns":false,"_jetpack_memberships_contains_paid_content":false,"footnotes":""},"categories":[101,2],"tags":[],"class_list":["post-52434","post","type-post","status-publish","format-standard","has-post-thumbnail","hentry","category-interes-general-locales","category-locales"],"aioseo_notices":[],"gutentor_comment":0,"jetpack_featured_media_url":"https:\/\/eldiariodesanpedro.com.ar\/sitio\/wp-content\/uploads\/2019\/05\/B1sO1nn7l_1256x620.jpg","jetpack_shortlink":"https:\/\/wp.me\/p6RhLt-dDI","jetpack_sharing_enabled":true,"_links":{"self":[{"href":"https:\/\/eldiariodesanpedro.com.ar\/sitio\/wp-json\/wp\/v2\/posts\/52434","targetHints":{"allow":["GET"]}}],"collection":[{"href":"https:\/\/eldiariodesanpedro.com.ar\/sitio\/wp-json\/wp\/v2\/posts"}],"about":[{"href":"https:\/\/eldiariodesanpedro.com.ar\/sitio\/wp-json\/wp\/v2\/types\/post"}],"author":[{"embeddable":true,"href":"https:\/\/eldiariodesanpedro.com.ar\/sitio\/wp-json\/wp\/v2\/users\/4"}],"replies":[{"embeddable":true,"href":"https:\/\/eldiariodesanpedro.com.ar\/sitio\/wp-json\/wp\/v2\/comments?post=52434"}],"version-history":[{"count":1,"href":"https:\/\/eldiariodesanpedro.com.ar\/sitio\/wp-json\/wp\/v2\/posts\/52434\/revisions"}],"predecessor-version":[{"id":52438,"href":"https:\/\/eldiariodesanpedro.com.ar\/sitio\/wp-json\/wp\/v2\/posts\/52434\/revisions\/52438"}],"wp:featuredmedia":[{"embeddable":true,"href":"https:\/\/eldiariodesanpedro.com.ar\/sitio\/wp-json\/wp\/v2\/media\/52436"}],"wp:attachment":[{"href":"https:\/\/eldiariodesanpedro.com.ar\/sitio\/wp-json\/wp\/v2\/media?parent=52434"}],"wp:term":[{"taxonomy":"category","embeddable":true,"href":"https:\/\/eldiariodesanpedro.com.ar\/sitio\/wp-json\/wp\/v2\/categories?post=52434"},{"taxonomy":"post_tag","embeddable":true,"href":"https:\/\/eldiariodesanpedro.com.ar\/sitio\/wp-json\/wp\/v2\/tags?post=52434"}],"curies":[{"name":"wp","href":"https:\/\/api.w.org\/{rel}","templated":true}]}}