{"id":52431,"date":"2019-05-09T10:35:45","date_gmt":"2019-05-09T13:35:45","guid":{"rendered":"https:\/\/eldiariodesanpedro.com.ar\/sitio\/?p=52431"},"modified":"2019-05-09T10:35:57","modified_gmt":"2019-05-09T13:35:57","slug":"santa-lucia-detuvieron-a-joven-acusado-de-cometer-un-abuso-en-la-provincia-del-chaco","status":"publish","type":"post","link":"https:\/\/eldiariodesanpedro.com.ar\/sitio\/santa-lucia-detuvieron-a-joven-acusado-de-cometer-un-abuso-en-la-provincia-del-chaco\/","title":{"rendered":"Santa Luc\u00eda: Detuvieron a joven acusado de cometer un abuso en la provincia del Chaco"},"content":{"rendered":"<!-- VideographyWP Plugin Message: Automatic video embedding prevented by plugin options. -->\n\n<p>El acusado tiene 25 a\u00f1os de edad y est\u00e1 acusado de violar a dos menores en la ciudad de Las Bre\u00f1as. Fue apresado por la Sub DDI San Pedro- Baradero en una vivienda de la localidad. <\/p>\n\n\n\n<p>Personal de la Sub DDI San Pedro- Baradero logr\u00f3 detener en el mediod\u00eda del mi\u00e9rcoles a un joven de 25 a\u00f1os identificado como Lucas Ezequiel Valdez, sobre quien pesaba un pedido de captura activo por un hecho caratulado \u201cabuso sexual con acceso carnal- abuso sexual gravemente ultrajante y corrupci\u00f3n de menores en concurso real\u201d.<\/p>\n\n\n\n<p>El imputado fue detenido por orden del Fiscal Fernando Ojeda, titular de la Ufi N\u00b02 de Charata, Chaco, en una casa de la calle Sargento Cabral s\/n en la localidad de Santa Luc\u00eda, lugar en donde viv\u00eda desde hace un tiempo.<\/p>\n\n\n\n<p>Valdez est\u00e1 acusado de abusar sexualmente de las hermanas menores de su ex novia y la denuncia fue radicada por su ex suegro. &nbsp;&nbsp;<\/p>\n\n\n\n<p>Tras su detenci\u00f3n el personal policial traslad\u00f3 al acusado a las dependencias de la DDI San Pedro y en horas de la noche del mismo mi\u00e9rcoles fue alojado en la sede de San Nicol\u00e1s hasta que se disponga su traslado a la provincia del Chaco.<\/p>\n\n\n\n<p>Fuente: SAn Pedro Informa<\/p>\n","protected":false},"excerpt":{"rendered":"<p>El acusado tiene 25 a\u00f1os de edad y est\u00e1 acusado de violar a dos menores en la ciudad de Las Bre\u00f1as. Fue apresado por la Sub DDI San Pedro- Baradero en una vivienda de la localidad. Personal de la Sub DDI San Pedro- Baradero logr\u00f3 detener en el mediod\u00eda del mi\u00e9rcoles a un joven de [&hellip;]<\/p>\n","protected":false},"author":4,"featured_media":52432,"comment_status":"open","ping_status":"closed","sticky":false,"template":"","format":"standard","meta":{"om_disable_all_campaigns":false,"_jetpack_memberships_contains_paid_content":false,"footnotes":""},"categories":[2,103],"tags":[],"class_list":["post-52431","post","type-post","status-publish","format-standard","has-post-thumbnail","hentry","category-locales","category-policiales-locales"],"aioseo_notices":[],"gutentor_comment":0,"jetpack_featured_media_url":"https:\/\/eldiariodesanpedro.com.ar\/sitio\/wp-content\/uploads\/2019\/05\/000077088.jpeg","jetpack_shortlink":"https:\/\/wp.me\/p6RhLt-dDF","jetpack_sharing_enabled":true,"_links":{"self":[{"href":"https:\/\/eldiariodesanpedro.com.ar\/sitio\/wp-json\/wp\/v2\/posts\/52431","targetHints":{"allow":["GET"]}}],"collection":[{"href":"https:\/\/eldiariodesanpedro.com.ar\/sitio\/wp-json\/wp\/v2\/posts"}],"about":[{"href":"https:\/\/eldiariodesanpedro.com.ar\/sitio\/wp-json\/wp\/v2\/types\/post"}],"author":[{"embeddable":true,"href":"https:\/\/eldiariodesanpedro.com.ar\/sitio\/wp-json\/wp\/v2\/users\/4"}],"replies":[{"embeddable":true,"href":"https:\/\/eldiariodesanpedro.com.ar\/sitio\/wp-json\/wp\/v2\/comments?post=52431"}],"version-history":[{"count":1,"href":"https:\/\/eldiariodesanpedro.com.ar\/sitio\/wp-json\/wp\/v2\/posts\/52431\/revisions"}],"predecessor-version":[{"id":52433,"href":"https:\/\/eldiariodesanpedro.com.ar\/sitio\/wp-json\/wp\/v2\/posts\/52431\/revisions\/52433"}],"wp:featuredmedia":[{"embeddable":true,"href":"https:\/\/eldiariodesanpedro.com.ar\/sitio\/wp-json\/wp\/v2\/media\/52432"}],"wp:attachment":[{"href":"https:\/\/eldiariodesanpedro.com.ar\/sitio\/wp-json\/wp\/v2\/media?parent=52431"}],"wp:term":[{"taxonomy":"category","embeddable":true,"href":"https:\/\/eldiariodesanpedro.com.ar\/sitio\/wp-json\/wp\/v2\/categories?post=52431"},{"taxonomy":"post_tag","embeddable":true,"href":"https:\/\/eldiariodesanpedro.com.ar\/sitio\/wp-json\/wp\/v2\/tags?post=52431"}],"curies":[{"name":"wp","href":"https:\/\/api.w.org\/{rel}","templated":true}]}}