{"id":52428,"date":"2019-05-09T10:33:55","date_gmt":"2019-05-09T13:33:55","guid":{"rendered":"https:\/\/eldiariodesanpedro.com.ar\/sitio\/?p=52428"},"modified":"2019-05-09T10:34:06","modified_gmt":"2019-05-09T13:34:06","slug":"detuvieron-a-tony-barboza-y-debera-completar-la-condena-en-la-carcel","status":"publish","type":"post","link":"https:\/\/eldiariodesanpedro.com.ar\/sitio\/detuvieron-a-tony-barboza-y-debera-completar-la-condena-en-la-carcel\/","title":{"rendered":"Detuvieron a \u201cTony\u201d Barboza y deber\u00e1 completar la condena en la c\u00e1rcel"},"content":{"rendered":"<!-- VideographyWP Plugin Message: Automatic video embedding prevented by plugin options. -->\n\n<p>Estaba detenido y concenado por un robo cometido en 2013 pero en una salida transitoria no regres\u00f3 m\u00e1s al Penal. Ahora fue recapturado y regres\u00f3 a la c\u00e1rcel. <\/p>\n\n\n\n<p>Personal policial de la DDI San Pedro- Baradero y la Direcci\u00f3n de An\u00e1lisis e Investigaciones del Ministerio de Justicia encabezaron un operativo en una vivienda de la calle Alvarado al 900. All\u00ed lograron capturar a Carlos Gabriel \u201cTony\u201d Barboza, de 38 a\u00f1os, conocido por sus frondosos antecedentes en el \u00e1mbito delictual de nuestra ciudad.<\/p>\n\n\n\n<p>El malviviente era buscado desde julio del a\u00f1o pasado cuando sali\u00f3 del Penal de la ciudad de Baradero pero nunca m\u00e1s volvi\u00f3. Barboza se encontraba cumpliendo condena por un hecho de robo calificado cometido en el a\u00f1o 2013, durante el 2018 fue beneficiado con salidas transitorias pero no retorn\u00f3 a la c\u00e1rcel en una de las veces que regres\u00f3 a San Pedro.<\/p>\n\n\n\n<p>Lo particular del caso es que el detenido hubiera cumplido condena en diciembre pasado pero al no estar en la c\u00e1rcel no pudo hacerlo y ahora deber\u00e1 completar los meses que le faltaban de condena m\u00e1s lo que le corresponder\u00e1 por no haber cumplido con los requisitos que la justicia le propuso.<\/p>\n\n\n\n<p>\u201cTony\u201d Barboza es un joven a quien ya de menor se lo conoc\u00eda por la cantidad de hechos delictivos protagonizados. En el a\u00f1o 2004 fue condenado por un hecho de robo calificado; en 2010 volvi\u00f3 a ser condenado por un robo cometido en el a\u00f1o 2008, mientras que en 2009 volvi\u00f3 a ser detenido cuando apareci\u00f3 vinculado al homicidio de Leonardo Vicente L\u00f3pez, un joven que fue asesinado brutalmente de un cascotazo en la cara durante el 2009. Por este hecho Barboza permaneci\u00f3 varios meses detenido hasta que en el juicio fue absuelto. &nbsp;&nbsp;&nbsp;<\/p>\n\n\n\n<p>El presidiario fue trasladado a la Unidad Penal N\u00b0 3 de San Nicol\u00e1s aunque ir\u00e1 a parar al pabell\u00f3n de sanidad ya que presenta una quebradura en la pierna derecha luego de protagonizar un accidente de tr\u00e1nsito.<\/p>\n\n\n\n<p>Fuente: San Pedro Informa<\/p>\n","protected":false},"excerpt":{"rendered":"<p>Estaba detenido y concenado por un robo cometido en 2013 pero en una salida transitoria no regres\u00f3 m\u00e1s al Penal. Ahora fue recapturado y regres\u00f3 a la c\u00e1rcel. Personal policial de la DDI San Pedro- Baradero y la Direcci\u00f3n de An\u00e1lisis e Investigaciones del Ministerio de Justicia encabezaron un operativo en una vivienda de la [&hellip;]<\/p>\n","protected":false},"author":4,"featured_media":52429,"comment_status":"open","ping_status":"closed","sticky":false,"template":"","format":"standard","meta":{"om_disable_all_campaigns":false,"_jetpack_memberships_contains_paid_content":false,"footnotes":""},"categories":[2,103],"tags":[],"class_list":["post-52428","post","type-post","status-publish","format-standard","has-post-thumbnail","hentry","category-locales","category-policiales-locales"],"aioseo_notices":[],"gutentor_comment":0,"jetpack_featured_media_url":"https:\/\/eldiariodesanpedro.com.ar\/sitio\/wp-content\/uploads\/2019\/05\/000077072.jpeg","jetpack_shortlink":"https:\/\/wp.me\/p6RhLt-dDC","jetpack_sharing_enabled":true,"_links":{"self":[{"href":"https:\/\/eldiariodesanpedro.com.ar\/sitio\/wp-json\/wp\/v2\/posts\/52428","targetHints":{"allow":["GET"]}}],"collection":[{"href":"https:\/\/eldiariodesanpedro.com.ar\/sitio\/wp-json\/wp\/v2\/posts"}],"about":[{"href":"https:\/\/eldiariodesanpedro.com.ar\/sitio\/wp-json\/wp\/v2\/types\/post"}],"author":[{"embeddable":true,"href":"https:\/\/eldiariodesanpedro.com.ar\/sitio\/wp-json\/wp\/v2\/users\/4"}],"replies":[{"embeddable":true,"href":"https:\/\/eldiariodesanpedro.com.ar\/sitio\/wp-json\/wp\/v2\/comments?post=52428"}],"version-history":[{"count":1,"href":"https:\/\/eldiariodesanpedro.com.ar\/sitio\/wp-json\/wp\/v2\/posts\/52428\/revisions"}],"predecessor-version":[{"id":52430,"href":"https:\/\/eldiariodesanpedro.com.ar\/sitio\/wp-json\/wp\/v2\/posts\/52428\/revisions\/52430"}],"wp:featuredmedia":[{"embeddable":true,"href":"https:\/\/eldiariodesanpedro.com.ar\/sitio\/wp-json\/wp\/v2\/media\/52429"}],"wp:attachment":[{"href":"https:\/\/eldiariodesanpedro.com.ar\/sitio\/wp-json\/wp\/v2\/media?parent=52428"}],"wp:term":[{"taxonomy":"category","embeddable":true,"href":"https:\/\/eldiariodesanpedro.com.ar\/sitio\/wp-json\/wp\/v2\/categories?post=52428"},{"taxonomy":"post_tag","embeddable":true,"href":"https:\/\/eldiariodesanpedro.com.ar\/sitio\/wp-json\/wp\/v2\/tags?post=52428"}],"curies":[{"name":"wp","href":"https:\/\/api.w.org\/{rel}","templated":true}]}}