{"id":52425,"date":"2019-05-09T10:29:36","date_gmt":"2019-05-09T13:29:36","guid":{"rendered":"https:\/\/eldiariodesanpedro.com.ar\/sitio\/?p=52425"},"modified":"2019-05-09T10:29:48","modified_gmt":"2019-05-09T13:29:48","slug":"robo-en-un-vivero-se-llevaron-1500-plantines","status":"publish","type":"post","link":"https:\/\/eldiariodesanpedro.com.ar\/sitio\/robo-en-un-vivero-se-llevaron-1500-plantines\/","title":{"rendered":"Robo en un vivero, se llevaron 1500 plantines"},"content":{"rendered":"<!-- VideographyWP Plugin Message: Automatic video embedding prevented by plugin options. -->\n\n<p>Sucedi\u00f3 en la noche del mi\u00e9rcoles, su propietario ya lo hab\u00eda alertado el lunes cuando constato algunos plantines movidos. <\/p>\n\n\n\n<p>\u00abEstamos cansados, hace un tiempo los golpearon a mi papa y a mi mama, los ataron para robarles en mi campo\u00bb, contaba Medina, propietario del vivero \u00abEl Tucumano\u00bb, a un medio radial.<\/p>\n\n\n\n<p>El hecho sucedi\u00f3 en una estancia ubicada sobre Ruta 1001 Km 7. Por la noche del mi\u00e9rcoles delincuentes ignorados lograron sustraer 1500 plantines de jazm\u00edn.<\/p>\n\n\n\n<p>El sector del vivero afectado en esta oportunidad es el ubicado en el sector lindero a la Escuela 16, en proximidades de Maxiconsumo. El establecimiento educativo tambi\u00e9n sufri\u00f3 hechos delictivos y de vandalismo en los \u00faltimos meses.\u00a0 <\/p>\n\n\n\n<p>\u00abLa soluci\u00f3n seria que otros viveristas no los compren, esto no se vende en una almac\u00e9n, la mayor\u00eda de los delincuentes que andan en esta zona son vecinos, la mayor\u00eda a caballo, no se en que se llevaron tantos\u00bb, culminaba Medina.<\/p>\n","protected":false},"excerpt":{"rendered":"<p>Sucedi\u00f3 en la noche del mi\u00e9rcoles, su propietario ya lo hab\u00eda alertado el lunes cuando constato algunos plantines movidos. \u00abEstamos cansados, hace un tiempo los golpearon a mi papa y a mi mama, los ataron para robarles en mi campo\u00bb, contaba Medina, propietario del vivero \u00abEl Tucumano\u00bb, a un medio radial. El hecho sucedi\u00f3 en [&hellip;]<\/p>\n","protected":false},"author":4,"featured_media":52426,"comment_status":"open","ping_status":"closed","sticky":false,"template":"","format":"standard","meta":{"om_disable_all_campaigns":false,"_jetpack_memberships_contains_paid_content":false,"footnotes":""},"categories":[50,2,103],"tags":[],"class_list":["post-52425","post","type-post","status-publish","format-standard","has-post-thumbnail","hentry","category-destacadas","category-locales","category-policiales-locales"],"aioseo_notices":[],"gutentor_comment":0,"jetpack_featured_media_url":"https:\/\/eldiariodesanpedro.com.ar\/sitio\/wp-content\/uploads\/2019\/05\/plantas-jazmin-4-estaciones-envios-interior-isiflor-D_NQ_NP_844725-MLA25492667838_042017-F.jpg","jetpack_shortlink":"https:\/\/wp.me\/p6RhLt-dDz","jetpack_sharing_enabled":true,"_links":{"self":[{"href":"https:\/\/eldiariodesanpedro.com.ar\/sitio\/wp-json\/wp\/v2\/posts\/52425","targetHints":{"allow":["GET"]}}],"collection":[{"href":"https:\/\/eldiariodesanpedro.com.ar\/sitio\/wp-json\/wp\/v2\/posts"}],"about":[{"href":"https:\/\/eldiariodesanpedro.com.ar\/sitio\/wp-json\/wp\/v2\/types\/post"}],"author":[{"embeddable":true,"href":"https:\/\/eldiariodesanpedro.com.ar\/sitio\/wp-json\/wp\/v2\/users\/4"}],"replies":[{"embeddable":true,"href":"https:\/\/eldiariodesanpedro.com.ar\/sitio\/wp-json\/wp\/v2\/comments?post=52425"}],"version-history":[{"count":1,"href":"https:\/\/eldiariodesanpedro.com.ar\/sitio\/wp-json\/wp\/v2\/posts\/52425\/revisions"}],"predecessor-version":[{"id":52427,"href":"https:\/\/eldiariodesanpedro.com.ar\/sitio\/wp-json\/wp\/v2\/posts\/52425\/revisions\/52427"}],"wp:featuredmedia":[{"embeddable":true,"href":"https:\/\/eldiariodesanpedro.com.ar\/sitio\/wp-json\/wp\/v2\/media\/52426"}],"wp:attachment":[{"href":"https:\/\/eldiariodesanpedro.com.ar\/sitio\/wp-json\/wp\/v2\/media?parent=52425"}],"wp:term":[{"taxonomy":"category","embeddable":true,"href":"https:\/\/eldiariodesanpedro.com.ar\/sitio\/wp-json\/wp\/v2\/categories?post=52425"},{"taxonomy":"post_tag","embeddable":true,"href":"https:\/\/eldiariodesanpedro.com.ar\/sitio\/wp-json\/wp\/v2\/tags?post=52425"}],"curies":[{"name":"wp","href":"https:\/\/api.w.org\/{rel}","templated":true}]}}