{"id":52423,"date":"2019-05-09T10:06:32","date_gmt":"2019-05-09T13:06:32","guid":{"rendered":"https:\/\/eldiariodesanpedro.com.ar\/sitio\/?p=52423"},"modified":"2019-05-09T10:06:38","modified_gmt":"2019-05-09T13:06:38","slug":"fue-clausurado-un-local-de-compra-y-venta","status":"publish","type":"post","link":"https:\/\/eldiariodesanpedro.com.ar\/sitio\/fue-clausurado-un-local-de-compra-y-venta\/","title":{"rendered":"Fue clausurado un local de Compra y Venta"},"content":{"rendered":"<!-- VideographyWP Plugin Message: Automatic video embedding prevented by plugin options. -->\n\n<p>El local que se encuentra ubicado sobre calle 11 de Septiembre al 2300, fue clausurado por falta del control correspondiente y de la habilitaci\u00f3n municipal.<\/p>\n\n\n\n<p>La inspecci\u00f3n estuvo a cargo del personal del Gabinete Criminologico de la comisaria local donde se procedi\u00f3 a labrar el acta de infracci\u00f3n a la Ley 13081.<\/p>\n\n\n\n<p>El local queda clausurado por falta de habilitaci\u00f3n municipal donde toma intervenci\u00f3n el Juzgado de Paz Local.<\/p>\n\n\n\n<p><br><\/p>\n","protected":false},"excerpt":{"rendered":"<p>El local que se encuentra ubicado sobre calle 11 de Septiembre al 2300, fue clausurado por falta del control correspondiente y de la habilitaci\u00f3n municipal. La inspecci\u00f3n estuvo a cargo del personal del Gabinete Criminologico de la comisaria local donde se procedi\u00f3 a labrar el acta de infracci\u00f3n a la Ley 13081. El local queda [&hellip;]<\/p>\n","protected":false},"author":4,"featured_media":50734,"comment_status":"open","ping_status":"closed","sticky":false,"template":"","format":"standard","meta":{"om_disable_all_campaigns":false,"_jetpack_memberships_contains_paid_content":false,"footnotes":""},"categories":[2,103],"tags":[],"class_list":["post-52423","post","type-post","status-publish","format-standard","has-post-thumbnail","hentry","category-locales","category-policiales-locales"],"aioseo_notices":[],"gutentor_comment":2,"jetpack_featured_media_url":"https:\/\/eldiariodesanpedro.com.ar\/sitio\/wp-content\/uploads\/2019\/04\/clausura.jpg","jetpack_shortlink":"https:\/\/wp.me\/p6RhLt-dDx","jetpack_sharing_enabled":true,"_links":{"self":[{"href":"https:\/\/eldiariodesanpedro.com.ar\/sitio\/wp-json\/wp\/v2\/posts\/52423","targetHints":{"allow":["GET"]}}],"collection":[{"href":"https:\/\/eldiariodesanpedro.com.ar\/sitio\/wp-json\/wp\/v2\/posts"}],"about":[{"href":"https:\/\/eldiariodesanpedro.com.ar\/sitio\/wp-json\/wp\/v2\/types\/post"}],"author":[{"embeddable":true,"href":"https:\/\/eldiariodesanpedro.com.ar\/sitio\/wp-json\/wp\/v2\/users\/4"}],"replies":[{"embeddable":true,"href":"https:\/\/eldiariodesanpedro.com.ar\/sitio\/wp-json\/wp\/v2\/comments?post=52423"}],"version-history":[{"count":1,"href":"https:\/\/eldiariodesanpedro.com.ar\/sitio\/wp-json\/wp\/v2\/posts\/52423\/revisions"}],"predecessor-version":[{"id":52424,"href":"https:\/\/eldiariodesanpedro.com.ar\/sitio\/wp-json\/wp\/v2\/posts\/52423\/revisions\/52424"}],"wp:featuredmedia":[{"embeddable":true,"href":"https:\/\/eldiariodesanpedro.com.ar\/sitio\/wp-json\/wp\/v2\/media\/50734"}],"wp:attachment":[{"href":"https:\/\/eldiariodesanpedro.com.ar\/sitio\/wp-json\/wp\/v2\/media?parent=52423"}],"wp:term":[{"taxonomy":"category","embeddable":true,"href":"https:\/\/eldiariodesanpedro.com.ar\/sitio\/wp-json\/wp\/v2\/categories?post=52423"},{"taxonomy":"post_tag","embeddable":true,"href":"https:\/\/eldiariodesanpedro.com.ar\/sitio\/wp-json\/wp\/v2\/tags?post=52423"}],"curies":[{"name":"wp","href":"https:\/\/api.w.org\/{rel}","templated":true}]}}