{"id":52416,"date":"2019-05-09T09:34:48","date_gmt":"2019-05-09T12:34:48","guid":{"rendered":"https:\/\/eldiariodesanpedro.com.ar\/sitio\/?p=52416"},"modified":"2019-05-09T09:34:55","modified_gmt":"2019-05-09T12:34:55","slug":"rio-tala-golpeo-fuertemente-a-su-pareja-en-el-rostro","status":"publish","type":"post","link":"https:\/\/eldiariodesanpedro.com.ar\/sitio\/rio-tala-golpeo-fuertemente-a-su-pareja-en-el-rostro\/","title":{"rendered":"Rio Tala: Golpeo fuertemente a su pareja en el rostro"},"content":{"rendered":"<!-- VideographyWP Plugin Message: Automatic video embedding prevented by plugin options. -->\n\n<p>Sucedi\u00f3 al mediod\u00eda de este mi\u00e9rcoles, la victima se encontraba en su vivienda cuando su pareja la agredi\u00f3. Fue detenido.<\/p>\n\n\n\n<p>El personal policial tras r\u00e1pido accionar, acuden a una propiedad ubicada en calle San Mart\u00edn al 300, de la localidad vecina de Rio Tala, donde logran la aprehensi\u00f3n de un hombre de 27 a\u00f1os de edad, momentos que se encontraba agrediendo a su pareja, una mujer de 31.<\/p>\n\n\n\n<p>El agresor la golpeo fuertemente en el rostro.<\/p>\n\n\n\n<p>Fue trasladado a la comisaria local con intervenci\u00f3n de la fiscalia en turno, la victima fue asistida en la comisaria de la mujer.<\/p>\n","protected":false},"excerpt":{"rendered":"<p>Sucedi\u00f3 al mediod\u00eda de este mi\u00e9rcoles, la victima se encontraba en su vivienda cuando su pareja la agredi\u00f3. Fue detenido. El personal policial tras r\u00e1pido accionar, acuden a una propiedad ubicada en calle San Mart\u00edn al 300, de la localidad vecina de Rio Tala, donde logran la aprehensi\u00f3n de un hombre de 27 a\u00f1os de [&hellip;]<\/p>\n","protected":false},"author":4,"featured_media":38083,"comment_status":"open","ping_status":"closed","sticky":false,"template":"","format":"standard","meta":{"om_disable_all_campaigns":false,"_jetpack_memberships_contains_paid_content":false,"footnotes":""},"categories":[2,103],"tags":[],"class_list":["post-52416","post","type-post","status-publish","format-standard","has-post-thumbnail","hentry","category-locales","category-policiales-locales"],"aioseo_notices":[],"gutentor_comment":0,"jetpack_featured_media_url":"https:\/\/eldiariodesanpedro.com.ar\/sitio\/wp-content\/uploads\/2018\/08\/violencia-familiar.jpg","jetpack_shortlink":"https:\/\/wp.me\/p6RhLt-dDq","jetpack_sharing_enabled":true,"_links":{"self":[{"href":"https:\/\/eldiariodesanpedro.com.ar\/sitio\/wp-json\/wp\/v2\/posts\/52416","targetHints":{"allow":["GET"]}}],"collection":[{"href":"https:\/\/eldiariodesanpedro.com.ar\/sitio\/wp-json\/wp\/v2\/posts"}],"about":[{"href":"https:\/\/eldiariodesanpedro.com.ar\/sitio\/wp-json\/wp\/v2\/types\/post"}],"author":[{"embeddable":true,"href":"https:\/\/eldiariodesanpedro.com.ar\/sitio\/wp-json\/wp\/v2\/users\/4"}],"replies":[{"embeddable":true,"href":"https:\/\/eldiariodesanpedro.com.ar\/sitio\/wp-json\/wp\/v2\/comments?post=52416"}],"version-history":[{"count":1,"href":"https:\/\/eldiariodesanpedro.com.ar\/sitio\/wp-json\/wp\/v2\/posts\/52416\/revisions"}],"predecessor-version":[{"id":52417,"href":"https:\/\/eldiariodesanpedro.com.ar\/sitio\/wp-json\/wp\/v2\/posts\/52416\/revisions\/52417"}],"wp:featuredmedia":[{"embeddable":true,"href":"https:\/\/eldiariodesanpedro.com.ar\/sitio\/wp-json\/wp\/v2\/media\/38083"}],"wp:attachment":[{"href":"https:\/\/eldiariodesanpedro.com.ar\/sitio\/wp-json\/wp\/v2\/media?parent=52416"}],"wp:term":[{"taxonomy":"category","embeddable":true,"href":"https:\/\/eldiariodesanpedro.com.ar\/sitio\/wp-json\/wp\/v2\/categories?post=52416"},{"taxonomy":"post_tag","embeddable":true,"href":"https:\/\/eldiariodesanpedro.com.ar\/sitio\/wp-json\/wp\/v2\/tags?post=52416"}],"curies":[{"name":"wp","href":"https:\/\/api.w.org\/{rel}","templated":true}]}}