{"id":52414,"date":"2019-05-09T09:21:16","date_gmt":"2019-05-09T12:21:16","guid":{"rendered":"https:\/\/eldiariodesanpedro.com.ar\/sitio\/?p=52414"},"modified":"2019-05-09T09:21:22","modified_gmt":"2019-05-09T12:21:22","slug":"aprehendieron-a-un-delincuente-infraganti","status":"publish","type":"post","link":"https:\/\/eldiariodesanpedro.com.ar\/sitio\/aprehendieron-a-un-delincuente-infraganti\/","title":{"rendered":"Aprehendieron a un delincuente infraganti"},"content":{"rendered":"<!-- VideographyWP Plugin Message: Automatic video embedding prevented by plugin options. -->\n\n<p>Se encontraba en el interior del patio de una vivienda. Tras el r\u00e1pido accionar del personal policial fue aprehendido antes de cometer el il\u00edcito. En su poder tenia una replica de pistola.<\/p>\n\n\n\n<p>El hecho sucedi\u00f3 en la noche del mi\u00e9rcoles cuando un delincuente ingresa a una propiedad sita en calle Mitre y Beaumont, la polic\u00eda es alertada y tras r\u00e1pido accionar logran retenerlo.<\/p>\n\n\n\n<p>Se trata de un joven delincuente, de 18 a\u00f1os de edad, conocido por sus frondosos antecedentes.<\/p>\n\n\n\n<p>Tambi\u00e9n se le secuestro en su poder elementos sustra\u00eddos, que se pudo constatar que fueron robados de otra vivienda, ubicada en Frers al 500.<\/p>\n\n\n\n<p>Adem\u00e1s entre sus prendas llevaba un arma de fuego, una replica de pistola.<\/p>\n\n\n\n<p>Fue trasladado a la dependencia local y queda a la espera de la disposici\u00f3n judicial.<\/p>\n\n\n\n<p><br><\/p>\n","protected":false},"excerpt":{"rendered":"<p>Se encontraba en el interior del patio de una vivienda. Tras el r\u00e1pido accionar del personal policial fue aprehendido antes de cometer el il\u00edcito. En su poder tenia una replica de pistola. El hecho sucedi\u00f3 en la noche del mi\u00e9rcoles cuando un delincuente ingresa a una propiedad sita en calle Mitre y Beaumont, la polic\u00eda [&hellip;]<\/p>\n","protected":false},"author":4,"featured_media":30195,"comment_status":"open","ping_status":"closed","sticky":false,"template":"","format":"standard","meta":{"om_disable_all_campaigns":false,"_jetpack_memberships_contains_paid_content":false,"footnotes":""},"categories":[2,103],"tags":[],"class_list":["post-52414","post","type-post","status-publish","format-standard","has-post-thumbnail","hentry","category-locales","category-policiales-locales"],"aioseo_notices":[],"gutentor_comment":0,"jetpack_featured_media_url":"https:\/\/eldiariodesanpedro.com.ar\/sitio\/wp-content\/uploads\/2018\/03\/Aprehendido-y-ofuscado.jpg","jetpack_shortlink":"https:\/\/wp.me\/p6RhLt-dDo","jetpack_sharing_enabled":true,"_links":{"self":[{"href":"https:\/\/eldiariodesanpedro.com.ar\/sitio\/wp-json\/wp\/v2\/posts\/52414","targetHints":{"allow":["GET"]}}],"collection":[{"href":"https:\/\/eldiariodesanpedro.com.ar\/sitio\/wp-json\/wp\/v2\/posts"}],"about":[{"href":"https:\/\/eldiariodesanpedro.com.ar\/sitio\/wp-json\/wp\/v2\/types\/post"}],"author":[{"embeddable":true,"href":"https:\/\/eldiariodesanpedro.com.ar\/sitio\/wp-json\/wp\/v2\/users\/4"}],"replies":[{"embeddable":true,"href":"https:\/\/eldiariodesanpedro.com.ar\/sitio\/wp-json\/wp\/v2\/comments?post=52414"}],"version-history":[{"count":1,"href":"https:\/\/eldiariodesanpedro.com.ar\/sitio\/wp-json\/wp\/v2\/posts\/52414\/revisions"}],"predecessor-version":[{"id":52415,"href":"https:\/\/eldiariodesanpedro.com.ar\/sitio\/wp-json\/wp\/v2\/posts\/52414\/revisions\/52415"}],"wp:featuredmedia":[{"embeddable":true,"href":"https:\/\/eldiariodesanpedro.com.ar\/sitio\/wp-json\/wp\/v2\/media\/30195"}],"wp:attachment":[{"href":"https:\/\/eldiariodesanpedro.com.ar\/sitio\/wp-json\/wp\/v2\/media?parent=52414"}],"wp:term":[{"taxonomy":"category","embeddable":true,"href":"https:\/\/eldiariodesanpedro.com.ar\/sitio\/wp-json\/wp\/v2\/categories?post=52414"},{"taxonomy":"post_tag","embeddable":true,"href":"https:\/\/eldiariodesanpedro.com.ar\/sitio\/wp-json\/wp\/v2\/tags?post=52414"}],"curies":[{"name":"wp","href":"https:\/\/api.w.org\/{rel}","templated":true}]}}