{"id":52392,"date":"2019-05-08T11:00:12","date_gmt":"2019-05-08T14:00:12","guid":{"rendered":"https:\/\/eldiariodesanpedro.com.ar\/sitio\/?p=52392"},"modified":"2019-05-08T11:00:31","modified_gmt":"2019-05-08T14:00:31","slug":"digitalizacion-de-los-procesos-de-la-administracion-educativa","status":"publish","type":"post","link":"https:\/\/eldiariodesanpedro.com.ar\/sitio\/digitalizacion-de-los-procesos-de-la-administracion-educativa\/","title":{"rendered":"Digitalizaci\u00f3n de los procesos de la administraci\u00f3n educativa"},"content":{"rendered":"<!-- VideographyWP Plugin Message: Automatic video embedding prevented by plugin options. -->\n\n<p>El Intendente Municipal Cecilio Salazar recibi\u00f3 esta ma\u00f1ana en su despacho a los responsables de la administraci\u00f3n educativa de San Pedro y la Provincia.<\/p>\n\n\n\n<p>Se abordaron diversos temas de educaci\u00f3n, entre ellos la sistematizaci\u00f3n de los procesos administrativos, la transparencia y mejora en la calidad de los mismos.<\/p>\n\n\n\n<p>Adem\u00e1s se resalt\u00f3 la importancia de mudar toda esa informaci\u00f3n a una plataforma totalmente digital que erradique el uso del papel, es decir la digitalizaci\u00f3n de la informaci\u00f3n, licencias m\u00e9dicas, contralor y plantas org\u00e1nicas funcionales.<\/p>\n\n\n\n<p>Junto al Jefe Comunal estuvieron presentes, Juan Novelli Asesor de la Honorable C\u00e1mara de Diputados de la Provincia de Buenos Aires, el Lic. Gast\u00f3n Bruno, Director de Gesti\u00f3n de Asuntos Docentes de la DGCyE, el Prof. Alan Ocampo, Coordinador Regional de Pol\u00edticas Socioeducativas y la Inspectora Jefe Distrital Prof. Mercedes Vell\u00f3n. <\/p>\n","protected":false},"excerpt":{"rendered":"<p>El Intendente Municipal Cecilio Salazar recibi\u00f3 esta ma\u00f1ana en su despacho a los responsables de la administraci\u00f3n educativa de San Pedro y la Provincia. Se abordaron diversos temas de educaci\u00f3n, entre ellos la sistematizaci\u00f3n de los procesos administrativos, la transparencia y mejora en la calidad de los mismos. Adem\u00e1s se resalt\u00f3 la importancia de mudar [&hellip;]<\/p>\n","protected":false},"author":4,"featured_media":52393,"comment_status":"open","ping_status":"closed","sticky":false,"template":"","format":"standard","meta":{"om_disable_all_campaigns":false,"_jetpack_memberships_contains_paid_content":false,"footnotes":""},"categories":[621],"tags":[],"class_list":["post-52392","post","type-post","status-publish","format-standard","has-post-thumbnail","hentry","category-regionales"],"aioseo_notices":[],"gutentor_comment":0,"jetpack_featured_media_url":"https:\/\/eldiariodesanpedro.com.ar\/sitio\/wp-content\/uploads\/2019\/05\/BI4A6030.jpg","jetpack_shortlink":"https:\/\/wp.me\/p6RhLt-dD2","jetpack_sharing_enabled":true,"_links":{"self":[{"href":"https:\/\/eldiariodesanpedro.com.ar\/sitio\/wp-json\/wp\/v2\/posts\/52392","targetHints":{"allow":["GET"]}}],"collection":[{"href":"https:\/\/eldiariodesanpedro.com.ar\/sitio\/wp-json\/wp\/v2\/posts"}],"about":[{"href":"https:\/\/eldiariodesanpedro.com.ar\/sitio\/wp-json\/wp\/v2\/types\/post"}],"author":[{"embeddable":true,"href":"https:\/\/eldiariodesanpedro.com.ar\/sitio\/wp-json\/wp\/v2\/users\/4"}],"replies":[{"embeddable":true,"href":"https:\/\/eldiariodesanpedro.com.ar\/sitio\/wp-json\/wp\/v2\/comments?post=52392"}],"version-history":[{"count":1,"href":"https:\/\/eldiariodesanpedro.com.ar\/sitio\/wp-json\/wp\/v2\/posts\/52392\/revisions"}],"predecessor-version":[{"id":52394,"href":"https:\/\/eldiariodesanpedro.com.ar\/sitio\/wp-json\/wp\/v2\/posts\/52392\/revisions\/52394"}],"wp:featuredmedia":[{"embeddable":true,"href":"https:\/\/eldiariodesanpedro.com.ar\/sitio\/wp-json\/wp\/v2\/media\/52393"}],"wp:attachment":[{"href":"https:\/\/eldiariodesanpedro.com.ar\/sitio\/wp-json\/wp\/v2\/media?parent=52392"}],"wp:term":[{"taxonomy":"category","embeddable":true,"href":"https:\/\/eldiariodesanpedro.com.ar\/sitio\/wp-json\/wp\/v2\/categories?post=52392"},{"taxonomy":"post_tag","embeddable":true,"href":"https:\/\/eldiariodesanpedro.com.ar\/sitio\/wp-json\/wp\/v2\/tags?post=52392"}],"curies":[{"name":"wp","href":"https:\/\/api.w.org\/{rel}","templated":true}]}}