{"id":52386,"date":"2019-05-08T10:45:53","date_gmt":"2019-05-08T13:45:53","guid":{"rendered":"https:\/\/eldiariodesanpedro.com.ar\/sitio\/?p=52386"},"modified":"2019-05-08T10:46:04","modified_gmt":"2019-05-08T13:46:04","slug":"zarate-justicia-por-dolar-llega-el-dia-del-juicio","status":"publish","type":"post","link":"https:\/\/eldiariodesanpedro.com.ar\/sitio\/zarate-justicia-por-dolar-llega-el-dia-del-juicio\/","title":{"rendered":"ZARATE: Justicia por D\u00f3lar, llega el d\u00eda del juicio"},"content":{"rendered":"<!-- VideographyWP Plugin Message: Automatic video embedding prevented by plugin options. -->\n\n<p>El 6 de Junio de 2016 el perro de Alexis Rivero y su familia fue secuestrado por dos personas que lo golpearon y torturaron con crueldad hasta provocar su muerte. El 16 de mayo uno de los asesinos recibir\u00e1 la sentencia y la familia del animal busca el apoyo y la presencia de los vecinos. <\/p>\n\n\n\n<p>A casi un a\u00f1o de ese tr\u00e1gico suceso, en abril 2017 la Justicia dict\u00f3 una \u201cprobation\u201d, es decir, una suspensi\u00f3n de juicio a prueba. En d\u00f3nde tanto Sa\u00fal Altamirano como V\u00edctor Iturralde, ambos torturadores, deber\u00edan cumplir una serie de pautas de convivencia para que el juicio siga en&nbsp; pausa:<\/p>\n\n\n\n<p>1- fijar un domicilio fijo de residencia.<br>2- pagar una cuota de mil pesos cada uno a la protectora de Z\u00e1rate.<br>3- no acercarse a la familia de d\u00f3lar.<br>4- trabajar o estudiar.<br>5- realizar una consulta al psic\u00f3logo, quien decidir\u00e1 si deben someterse a tratamiento por su actitud agresiva hacia los animales.<br>6- y la m\u00e1s indignante, una compensaci\u00f3n econ\u00f3mica para reparar el da\u00f1o.<\/p>\n\n\n\n<p>La familia del cachorro no encontr\u00f3 posible que la muerte de su mascota sea reparada con dinero y rechaz\u00f3 la compensaci\u00f3n econ\u00f3mica. Por lo tanto, iniciaron una causa civil, por da\u00f1os y perjuicios, da\u00f1o moral y psicol\u00f3gico. Luego del plazo estipulado por la Justicia, se lleg\u00f3 a la conclusi\u00f3n que Altamirano deb\u00eda quedar libre de culpa y cargo por haber seguido los pasos establecidos.<\/p>\n\n\n\n<p>Caso contrario el de su compa\u00f1ero, Iturralde, que la pr\u00f3xima semana recibir\u00e1 la condena por haber torturado y asesinado al animal. \u00abPara que la Justicia no mire hacia otro lado\u00bb, la mam\u00e1 de Alexis pide por el acompa\u00f1amiento de los medios y los ciudadanos de la localidad a las 10.30 en Andr\u00e9s del Pino 817, Juzgado Correccional de Campana. #todossomosdolar<\/p>\n\n\n\n<p><strong>Fuente:&nbsp;<\/strong>Noticias Z\u00e1rate Alerta<\/p>\n","protected":false},"excerpt":{"rendered":"<p>El 6 de Junio de 2016 el perro de Alexis Rivero y su familia fue secuestrado por dos personas que lo golpearon y torturaron con crueldad hasta provocar su muerte. El 16 de mayo uno de los asesinos recibir\u00e1 la sentencia y la familia del animal busca el apoyo y la presencia de los vecinos. [&hellip;]<\/p>\n","protected":false},"author":4,"featured_media":52387,"comment_status":"open","ping_status":"closed","sticky":false,"template":"","format":"standard","meta":{"om_disable_all_campaigns":false,"_jetpack_memberships_contains_paid_content":false,"footnotes":""},"categories":[621],"tags":[],"class_list":["post-52386","post","type-post","status-publish","format-standard","has-post-thumbnail","hentry","category-regionales"],"aioseo_notices":[],"gutentor_comment":0,"jetpack_featured_media_url":"https:\/\/eldiariodesanpedro.com.ar\/sitio\/wp-content\/uploads\/2019\/05\/87bc87d1aa3483e3b08310598fc178b6-768x403.jpg","jetpack_shortlink":"https:\/\/wp.me\/p6RhLt-dCW","jetpack_sharing_enabled":true,"_links":{"self":[{"href":"https:\/\/eldiariodesanpedro.com.ar\/sitio\/wp-json\/wp\/v2\/posts\/52386","targetHints":{"allow":["GET"]}}],"collection":[{"href":"https:\/\/eldiariodesanpedro.com.ar\/sitio\/wp-json\/wp\/v2\/posts"}],"about":[{"href":"https:\/\/eldiariodesanpedro.com.ar\/sitio\/wp-json\/wp\/v2\/types\/post"}],"author":[{"embeddable":true,"href":"https:\/\/eldiariodesanpedro.com.ar\/sitio\/wp-json\/wp\/v2\/users\/4"}],"replies":[{"embeddable":true,"href":"https:\/\/eldiariodesanpedro.com.ar\/sitio\/wp-json\/wp\/v2\/comments?post=52386"}],"version-history":[{"count":1,"href":"https:\/\/eldiariodesanpedro.com.ar\/sitio\/wp-json\/wp\/v2\/posts\/52386\/revisions"}],"predecessor-version":[{"id":52388,"href":"https:\/\/eldiariodesanpedro.com.ar\/sitio\/wp-json\/wp\/v2\/posts\/52386\/revisions\/52388"}],"wp:featuredmedia":[{"embeddable":true,"href":"https:\/\/eldiariodesanpedro.com.ar\/sitio\/wp-json\/wp\/v2\/media\/52387"}],"wp:attachment":[{"href":"https:\/\/eldiariodesanpedro.com.ar\/sitio\/wp-json\/wp\/v2\/media?parent=52386"}],"wp:term":[{"taxonomy":"category","embeddable":true,"href":"https:\/\/eldiariodesanpedro.com.ar\/sitio\/wp-json\/wp\/v2\/categories?post=52386"},{"taxonomy":"post_tag","embeddable":true,"href":"https:\/\/eldiariodesanpedro.com.ar\/sitio\/wp-json\/wp\/v2\/tags?post=52386"}],"curies":[{"name":"wp","href":"https:\/\/api.w.org\/{rel}","templated":true}]}}