{"id":52380,"date":"2019-05-08T10:41:23","date_gmt":"2019-05-08T13:41:23","guid":{"rendered":"https:\/\/eldiariodesanpedro.com.ar\/sitio\/?p=52380"},"modified":"2019-05-08T10:41:33","modified_gmt":"2019-05-08T13:41:33","slug":"campana-acercarte-llega-este-fin-de-semana-con-muchas-propuestas-para-los-mas-chicos","status":"publish","type":"post","link":"https:\/\/eldiariodesanpedro.com.ar\/sitio\/campana-acercarte-llega-este-fin-de-semana-con-muchas-propuestas-para-los-mas-chicos\/","title":{"rendered":"CAMPANA: AcercArte llega este fin de semana con muchas propuestas para los m\u00e1s chicos"},"content":{"rendered":"<!-- VideographyWP Plugin Message: Automatic video embedding prevented by plugin options. -->\n\n<p>\n\nCine, talleres literarios, espect\u00e1culos teatrales, shows en vivo con Los Cazurros y La Pipetu\u00e1, y un taller de pintura con el reconocido Milo Lockett son algunas de las opciones para que los m\u00e1s peque\u00f1os tambi\u00e9n disfruten del festival este s\u00e1bado y domingo a partir de las 15.<\/p>\n\n\n\n<p>Los m\u00e1s chicos tambi\u00e9n tendr\u00e1n su lugar en AcercArte, la propuesta cultural de la Provincia que llega este fin de semana a Campana con una amplia variedad de atractivos para re\u00edr, jugar y emocionarse.<\/p>\n\n\n\n<p>Este s\u00e1bado y domingo, en el Parque Urbano, el gran festival incluir\u00e1 actividades para bailar y cantar en familia.<\/p>\n\n\n\n<p>Con funciones a las 15, 16 y 17.15, en el Cine 360 proyectar\u00e1n \u00abViaje salvaje a la Tierra\u00bb, \u00abFronteras del universo\u00bb y \u00abDinosauros\u00bb.<\/p>\n\n\n\n<p>Adem\u00e1s, habr\u00e1 un Cine m\u00f3vil con otras propuestas. All\u00ed, el d\u00eda s\u00e1bado se presentar\u00e1 de LEGO DC Comics, \u00abSuperh\u00e9roes: Aquaman, la ira de Atlantis\u00bb y, el domingo, \u00ab\u00a1J\u00f3venes Titanes en acci\u00f3n! La pel\u00edcula\u00bb. Ambos largometrajes se exhiben desde las 15.<\/p>\n\n\n\n<p>Pero adem\u00e1s de cine, AcercArte cuenta con el acompa\u00f1amiento de artistas de renombre. Tal es el caso de reconocido Milo Lockett que, desde las 15.15, el d\u00eda s\u00e1bado estar\u00e1 a cargo de un Taller de pintura para ni\u00f1os a partir de 4 a\u00f1os.<\/p>\n\n\n\n<p>Con pinceles, colores y toda su creatividad, Lockett demostrar\u00e1 que el arte no es solo cosa de grandes y que las obras de arte no est\u00e1n \u00fanicamente en los museos.<\/p>\n\n\n\n<p>Seg\u00fan informaron, las entradas para este taller se retiran el mismo d\u00eda de la actividad, desde las 15 en el puesto de Informes de Acercarte, hasta agotar capacidad. Se entregar\u00e1n como m\u00e1ximo dos por adulto y cada una ser\u00e1 v\u00e1lida para un ni\u00f1o.<\/p>\n\n\n\n<p>Pero no solo el arte sino tambi\u00e9n la m\u00fasica estar\u00e1 presente. Los shows ser\u00e1n a las 16.30.<\/p>\n\n\n\n<p>El s\u00e1bado, \u00abLos cazurros\u00bb comparten con el p\u00fablico los \u00abS\u00faper hits\u00bb a trav\u00e9s de los cuales recorrer\u00e1n sus mejores historias a partir del humor y el absurdo.<\/p>\n\n\n\n<p>En tanto que, el domingo llegar\u00e1 \u00abLa Pipetu\u00e1\u00bb con \u00abLun\u00e1tica\u00bb: un espect\u00e1culo que combina teatro, clown y circo.\u00a0<\/p>\n\n\n\n<p>La literatura en una fusi\u00f3n con el teatro ser\u00e1 otro de los atractivos de la jornada. El domingo, en el sector biblioteca, se presenta el espect\u00e1culo teatral infantil \u00abLos LibroYasos: La historia del libro\u00bb.<\/p>\n\n\n\n<p>Una propuesta que cuenta la historia de la escritura universal y hasta c\u00f3mo inventamos el libro con magia, malabares y mucho humor.<\/p>\n\n\n\n<p>Ser\u00e1n muchas las opciones para que este fin de semana, la familia entera disfrute de dos d\u00edas a pura diversi\u00f3n y entretenimiento.<\/p>\n\n\n\n<p>Fuente Campana Noticias<\/p>\n","protected":false},"excerpt":{"rendered":"<p>Cine, talleres literarios, espect\u00e1culos teatrales, shows en vivo con Los Cazurros y La Pipetu\u00e1, y un taller de pintura con el reconocido Milo Lockett son algunas de las opciones para que los m\u00e1s peque\u00f1os tambi\u00e9n disfruten del festival este s\u00e1bado y domingo a partir de las 15. Los m\u00e1s chicos tambi\u00e9n tendr\u00e1n su lugar en [&hellip;]<\/p>\n","protected":false},"author":4,"featured_media":52381,"comment_status":"open","ping_status":"closed","sticky":false,"template":"","format":"standard","meta":{"om_disable_all_campaigns":false,"_jetpack_memberships_contains_paid_content":false,"footnotes":""},"categories":[621],"tags":[],"class_list":["post-52380","post","type-post","status-publish","format-standard","has-post-thumbnail","hentry","category-regionales"],"aioseo_notices":[],"gutentor_comment":0,"jetpack_featured_media_url":"https:\/\/eldiariodesanpedro.com.ar\/sitio\/wp-content\/uploads\/2019\/05\/20190506091404.jpg","jetpack_shortlink":"https:\/\/wp.me\/p6RhLt-dCQ","jetpack_sharing_enabled":true,"_links":{"self":[{"href":"https:\/\/eldiariodesanpedro.com.ar\/sitio\/wp-json\/wp\/v2\/posts\/52380","targetHints":{"allow":["GET"]}}],"collection":[{"href":"https:\/\/eldiariodesanpedro.com.ar\/sitio\/wp-json\/wp\/v2\/posts"}],"about":[{"href":"https:\/\/eldiariodesanpedro.com.ar\/sitio\/wp-json\/wp\/v2\/types\/post"}],"author":[{"embeddable":true,"href":"https:\/\/eldiariodesanpedro.com.ar\/sitio\/wp-json\/wp\/v2\/users\/4"}],"replies":[{"embeddable":true,"href":"https:\/\/eldiariodesanpedro.com.ar\/sitio\/wp-json\/wp\/v2\/comments?post=52380"}],"version-history":[{"count":1,"href":"https:\/\/eldiariodesanpedro.com.ar\/sitio\/wp-json\/wp\/v2\/posts\/52380\/revisions"}],"predecessor-version":[{"id":52382,"href":"https:\/\/eldiariodesanpedro.com.ar\/sitio\/wp-json\/wp\/v2\/posts\/52380\/revisions\/52382"}],"wp:featuredmedia":[{"embeddable":true,"href":"https:\/\/eldiariodesanpedro.com.ar\/sitio\/wp-json\/wp\/v2\/media\/52381"}],"wp:attachment":[{"href":"https:\/\/eldiariodesanpedro.com.ar\/sitio\/wp-json\/wp\/v2\/media?parent=52380"}],"wp:term":[{"taxonomy":"category","embeddable":true,"href":"https:\/\/eldiariodesanpedro.com.ar\/sitio\/wp-json\/wp\/v2\/categories?post=52380"},{"taxonomy":"post_tag","embeddable":true,"href":"https:\/\/eldiariodesanpedro.com.ar\/sitio\/wp-json\/wp\/v2\/tags?post=52380"}],"curies":[{"name":"wp","href":"https:\/\/api.w.org\/{rel}","templated":true}]}}