{"id":52376,"date":"2019-05-08T10:38:45","date_gmt":"2019-05-08T13:38:45","guid":{"rendered":"https:\/\/eldiariodesanpedro.com.ar\/sitio\/?p=52376"},"modified":"2019-05-08T10:38:54","modified_gmt":"2019-05-08T13:38:54","slug":"baradero-carossi-quiere-la-revancha","status":"publish","type":"post","link":"https:\/\/eldiariodesanpedro.com.ar\/sitio\/baradero-carossi-quiere-la-revancha\/","title":{"rendered":"BARADERO: Carossi quiere la revancha"},"content":{"rendered":"<!-- VideographyWP Plugin Message: Automatic video embedding prevented by plugin options. -->\n\n<p>Aldo Carossi, quien fuera jefe comunal de Baradero, analiza por estas horas volver a presentarse en las elecciones. En 2015, perdi\u00f3 apenas por 400 votos.<\/p>\n\n\n\n<p>Son varios los derrotados en 2015 que tienen ganas de una revancha. Aldo Carossi, ex intendente de Baradero, es uno de ellos.\u00a0<\/p>\n\n\n\n<p>Seg\u00fan informan fuentes cercanas al dirigente peronista, nunca resign\u00f3 la posibilidad de retomar el Ejecutivo local, y ahora tiene un escenario favorable: en el distrito no existen candidatos que midan lo suficiente como para enfrentar a Cambiemos y derrotarlo.<\/p>\n\n\n\n<p>En 2015, Carossi perdi\u00f3 las elecciones por apenas 400 votos frente a la macrista Fernanda Antonijevic. Cuatro a\u00f1os despu\u00e9s, seg\u00fan sondeos que se realizaron a nivel local, sigue siendo el peronista mejor posicionado.<\/p>\n\n\n\n<p>Aunque Carossi en privado sostiene que hay que buscar la unidad antes de lanzar candidaturas y por eso ya mantiene conversaciones con La C\u00e1mpora, el Frente Grande, Movimiento Evita, las organizaciones sindicales y los movimientos sociales para alcanzar un acuerdo.<\/p>\n\n\n\n<p>Cabe recordar que Carossi asumi\u00f3 la intendencia de Baradero en 2005 al reemplazar a Ricardo Montesanti, quien asumi\u00f3 una banca como diputado provincial. En 2007 result\u00f3 electo, y cuatro a\u00f1os despu\u00e9s logr\u00f3 ratificar su gesti\u00f3n con el 40,07% de los votos.\u00a0<\/p>\n\n\n\n<p>Fuente: La Tecla<\/p>\n","protected":false},"excerpt":{"rendered":"<p>Aldo Carossi, quien fuera jefe comunal de Baradero, analiza por estas horas volver a presentarse en las elecciones. En 2015, perdi\u00f3 apenas por 400 votos. Son varios los derrotados en 2015 que tienen ganas de una revancha. Aldo Carossi, ex intendente de Baradero, es uno de ellos.\u00a0 Seg\u00fan informan fuentes cercanas al dirigente peronista, nunca [&hellip;]<\/p>\n","protected":false},"author":4,"featured_media":52378,"comment_status":"open","ping_status":"closed","sticky":false,"template":"","format":"standard","meta":{"om_disable_all_campaigns":false,"_jetpack_memberships_contains_paid_content":false,"footnotes":""},"categories":[621],"tags":[],"class_list":["post-52376","post","type-post","status-publish","format-standard","has-post-thumbnail","hentry","category-regionales"],"aioseo_notices":[],"gutentor_comment":0,"jetpack_featured_media_url":"https:\/\/eldiariodesanpedro.com.ar\/sitio\/wp-content\/uploads\/2019\/05\/98075_3.jpg","jetpack_shortlink":"https:\/\/wp.me\/p6RhLt-dCM","jetpack_sharing_enabled":true,"_links":{"self":[{"href":"https:\/\/eldiariodesanpedro.com.ar\/sitio\/wp-json\/wp\/v2\/posts\/52376","targetHints":{"allow":["GET"]}}],"collection":[{"href":"https:\/\/eldiariodesanpedro.com.ar\/sitio\/wp-json\/wp\/v2\/posts"}],"about":[{"href":"https:\/\/eldiariodesanpedro.com.ar\/sitio\/wp-json\/wp\/v2\/types\/post"}],"author":[{"embeddable":true,"href":"https:\/\/eldiariodesanpedro.com.ar\/sitio\/wp-json\/wp\/v2\/users\/4"}],"replies":[{"embeddable":true,"href":"https:\/\/eldiariodesanpedro.com.ar\/sitio\/wp-json\/wp\/v2\/comments?post=52376"}],"version-history":[{"count":1,"href":"https:\/\/eldiariodesanpedro.com.ar\/sitio\/wp-json\/wp\/v2\/posts\/52376\/revisions"}],"predecessor-version":[{"id":52379,"href":"https:\/\/eldiariodesanpedro.com.ar\/sitio\/wp-json\/wp\/v2\/posts\/52376\/revisions\/52379"}],"wp:featuredmedia":[{"embeddable":true,"href":"https:\/\/eldiariodesanpedro.com.ar\/sitio\/wp-json\/wp\/v2\/media\/52378"}],"wp:attachment":[{"href":"https:\/\/eldiariodesanpedro.com.ar\/sitio\/wp-json\/wp\/v2\/media?parent=52376"}],"wp:term":[{"taxonomy":"category","embeddable":true,"href":"https:\/\/eldiariodesanpedro.com.ar\/sitio\/wp-json\/wp\/v2\/categories?post=52376"},{"taxonomy":"post_tag","embeddable":true,"href":"https:\/\/eldiariodesanpedro.com.ar\/sitio\/wp-json\/wp\/v2\/tags?post=52376"}],"curies":[{"name":"wp","href":"https:\/\/api.w.org\/{rel}","templated":true}]}}