{"id":52375,"date":"2019-05-08T10:34:30","date_gmt":"2019-05-08T13:34:30","guid":{"rendered":"https:\/\/eldiariodesanpedro.com.ar\/sitio\/?p=52375"},"modified":"2019-05-08T10:34:37","modified_gmt":"2019-05-08T13:34:37","slug":"un-aprehendido-por-agredir-a-su-pareja","status":"publish","type":"post","link":"https:\/\/eldiariodesanpedro.com.ar\/sitio\/un-aprehendido-por-agredir-a-su-pareja\/","title":{"rendered":"Un aprehendido por agredir a su pareja"},"content":{"rendered":"<!-- VideographyWP Plugin Message: Automatic video embedding prevented by plugin options. -->\n\n<p>Un nuevo hecho de violencia de genero se vivi\u00f3 en la noche de este martes en nuestra ciudad, esta vez se trat\u00f3 de una pareja de masculinos donde uno de ellos termino aprehendido en la comisaria local.<\/p>\n\n\n\n<p>Sucedi\u00f3 en una vivienda ubicada en intersecci\u00f3n de las calles Sargento Selada y Balcarce, donde el personal policial es alertado y tras r\u00e1pido accionar logra la aprehensi\u00f3n de un joven de 22 a\u00f1os de edad quien se encontraba agrediendo a su pareja, otro joven de 21.<\/p>\n\n\n\n<p>El agresor es trasladado a la dependencia a la espera de la intervenci\u00f3n de la comisaria.<\/p>\n\n\n\n<p>El otro joven quien resulto con lesiones leves en su rostro fue asistido en la Comisaria de la Mujer realizando examen medico.<br><\/p>\n","protected":false},"excerpt":{"rendered":"<p>Un nuevo hecho de violencia de genero se vivi\u00f3 en la noche de este martes en nuestra ciudad, esta vez se trat\u00f3 de una pareja de masculinos donde uno de ellos termino aprehendido en la comisaria local. Sucedi\u00f3 en una vivienda ubicada en intersecci\u00f3n de las calles Sargento Selada y Balcarce, donde el personal policial [&hellip;]<\/p>\n","protected":false},"author":4,"featured_media":30195,"comment_status":"open","ping_status":"closed","sticky":false,"template":"","format":"standard","meta":{"om_disable_all_campaigns":false,"_jetpack_memberships_contains_paid_content":false,"footnotes":""},"categories":[2,103],"tags":[],"class_list":["post-52375","post","type-post","status-publish","format-standard","has-post-thumbnail","hentry","category-locales","category-policiales-locales"],"aioseo_notices":[],"gutentor_comment":0,"jetpack_featured_media_url":"https:\/\/eldiariodesanpedro.com.ar\/sitio\/wp-content\/uploads\/2018\/03\/Aprehendido-y-ofuscado.jpg","jetpack_shortlink":"https:\/\/wp.me\/p6RhLt-dCL","jetpack_sharing_enabled":true,"_links":{"self":[{"href":"https:\/\/eldiariodesanpedro.com.ar\/sitio\/wp-json\/wp\/v2\/posts\/52375","targetHints":{"allow":["GET"]}}],"collection":[{"href":"https:\/\/eldiariodesanpedro.com.ar\/sitio\/wp-json\/wp\/v2\/posts"}],"about":[{"href":"https:\/\/eldiariodesanpedro.com.ar\/sitio\/wp-json\/wp\/v2\/types\/post"}],"author":[{"embeddable":true,"href":"https:\/\/eldiariodesanpedro.com.ar\/sitio\/wp-json\/wp\/v2\/users\/4"}],"replies":[{"embeddable":true,"href":"https:\/\/eldiariodesanpedro.com.ar\/sitio\/wp-json\/wp\/v2\/comments?post=52375"}],"version-history":[{"count":1,"href":"https:\/\/eldiariodesanpedro.com.ar\/sitio\/wp-json\/wp\/v2\/posts\/52375\/revisions"}],"predecessor-version":[{"id":52377,"href":"https:\/\/eldiariodesanpedro.com.ar\/sitio\/wp-json\/wp\/v2\/posts\/52375\/revisions\/52377"}],"wp:featuredmedia":[{"embeddable":true,"href":"https:\/\/eldiariodesanpedro.com.ar\/sitio\/wp-json\/wp\/v2\/media\/30195"}],"wp:attachment":[{"href":"https:\/\/eldiariodesanpedro.com.ar\/sitio\/wp-json\/wp\/v2\/media?parent=52375"}],"wp:term":[{"taxonomy":"category","embeddable":true,"href":"https:\/\/eldiariodesanpedro.com.ar\/sitio\/wp-json\/wp\/v2\/categories?post=52375"},{"taxonomy":"post_tag","embeddable":true,"href":"https:\/\/eldiariodesanpedro.com.ar\/sitio\/wp-json\/wp\/v2\/tags?post=52375"}],"curies":[{"name":"wp","href":"https:\/\/api.w.org\/{rel}","templated":true}]}}